{"id":25034,"date":"2024-10-30T10:30:34","date_gmt":"2024-10-30T15:30:34","guid":{"rendered":"https:\/\/podernacional.com\/?p=25034"},"modified":"2024-10-30T15:30:53","modified_gmt":"2024-10-30T15:30:53","slug":"vinculan-a-proceso-de-siete-personas-que-transportaban-mas-de-una-tolenada-de-cocaina","status":"publish","type":"post","link":"https:\/\/podernacional.com\/?p=25034","title":{"rendered":"Vinculan a proceso de siete personas que transportaban m\u00e1s de una tolenada de coca\u00edna"},"content":{"rendered":"<p>La Fiscal\u00eda General de la Rep\u00fablica (FGR), a trav\u00e9s de su Fiscal\u00eda Federal en el Estado de Colima, obtuvo vinculaci\u00f3n a proceso en contra de siete personas que fueron aseguradas cuando transportaban en una embarcaci\u00f3n 32 bultos con un peso neto de mil 235 kilogramos de coca\u00edna.<\/p>\n<p>De acuerdo con la investigaci\u00f3n, elementos de la Secretar\u00eda de Marina-Armada de M\u00e9xico (SEMAR), detuvieron a Mijael \u201cM\u201d, Jes\u00fas \u201cB\u201d y Fausto \u201cM\u201d, de nacionalidad mexicana y Rub\u00e9n \u201cD\u201d, Jos\u00e9 \u201cB\u201d, Mario \u201cJ\u201d y Manuel \u201cL\u201d, de nacionalidad ecuatoriana, en aguas del pac\u00edfico mexicano frente a la costa de Manzanillo, Colima.<\/p>\n<p>Una vez que los detenidos fueron puestos a disposici\u00f3n del Ministerio P\u00fablico Federal (MPF), en Colima, en la Subsede de Manzanillo, se inici\u00f3 la carpeta de investigaci\u00f3n y se realizaron las periciales correspondientes, en las que se determin\u00f3 que lo que se encontraba en los 32 bultos era coca\u00edna.<\/p>\n<p>Posteriormente, el MPF aport\u00f3 los datos de prueba para que el Juez de Control dictara vinculaci\u00f3n a proceso, medida cautelar de prisi\u00f3n preventiva por el delito contra la salud en la modalidad de transporte de coca\u00edna, as\u00ed como un mes de plazo para la investigaci\u00f3n complementaria<\/p>\n","protected":false},"excerpt":{"rendered":"<p>La Fiscal\u00eda General de la Rep\u00fablica (FGR), a trav\u00e9s de su Fiscal\u00eda Federal en el Estado de Colima, obtuvo vinculaci\u00f3n a proceso en contra de siete personas que fueron aseguradas cuando transportaban en una embarcaci\u00f3n 32 bultos con un peso neto de mil 235 kilogramos de coca\u00edna. De acuerdo con la investigaci\u00f3n, elementos de la [&hellip;]<\/p>\n","protected":false},"author":1,"featured_media":25036,"comment_status":"open","ping_status":"closed","sticky":false,"template":"","format":"standard","meta":{"footnotes":""},"categories":[7],"tags":[],"class_list":["post-25034","post","type-post","status-publish","format-standard","has-post-thumbnail","hentry","category-nacional"],"_links":{"self":[{"href":"https:\/\/podernacional.com\/index.php?rest_route=\/wp\/v2\/posts\/25034","targetHints":{"allow":["GET"]}}],"collection":[{"href":"https:\/\/podernacional.com\/index.php?rest_route=\/wp\/v2\/posts"}],"about":[{"href":"https:\/\/podernacional.com\/index.php?rest_route=\/wp\/v2\/types\/post"}],"author":[{"embeddable":true,"href":"https:\/\/podernacional.com\/index.php?rest_route=\/wp\/v2\/users\/1"}],"replies":[{"embeddable":true,"href":"https:\/\/podernacional.com\/index.php?rest_route=%2Fwp%2Fv2%2Fcomments&post=25034"}],"version-history":[{"count":1,"href":"https:\/\/podernacional.com\/index.php?rest_route=\/wp\/v2\/posts\/25034\/revisions"}],"predecessor-version":[{"id":25035,"href":"https:\/\/podernacional.com\/index.php?rest_route=\/wp\/v2\/posts\/25034\/revisions\/25035"}],"wp:featuredmedia":[{"embeddable":true,"href":"https:\/\/podernacional.com\/index.php?rest_route=\/wp\/v2\/media\/25036"}],"wp:attachment":[{"href":"https:\/\/podernacional.com\/index.php?rest_route=%2Fwp%2Fv2%2Fmedia&parent=25034"}],"wp:term":[{"taxonomy":"category","embeddable":true,"href":"https:\/\/podernacional.com\/index.php?rest_route=%2Fwp%2Fv2%2Fcategories&post=25034"},{"taxonomy":"post_tag","embeddable":true,"href":"https:\/\/podernacional.com\/index.php?rest_route=%2Fwp%2Fv2%2Ftags&post=25034"}],"curies":[{"name":"wp","href":"https:\/\/api.w.org\/{rel}","templated":true}]}}