{"id":25043,"date":"2024-10-30T12:46:40","date_gmt":"2024-10-30T17:46:40","guid":{"rendered":"https:\/\/podernacional.com\/?p=25043"},"modified":"2024-10-30T17:46:41","modified_gmt":"2024-10-30T17:46:41","slug":"promueven-reformas-para-crear-entornos-seguros-y-saludables-a-ninas-ninos-y-adolescentes","status":"publish","type":"post","link":"https:\/\/podernacional.com\/?p=25043","title":{"rendered":"Promueven reformas para crear entornos seguros y saludables a ni\u00f1as, ni\u00f1os y adolescentes."},"content":{"rendered":"<p>\u2022 Turnan a comisiones la iniciativa del grupo legislativo de MORENA para actualizar y fortalecer los derechos de la infancia y la adolescencia.<\/p>\n<p>Chetumal, Quintana Roo.- Con el fin de crear entornos seguros y saludables para que cada ni\u00f1a, ni\u00f1o y adolescente tenga acceso a sus derechos, el Pleno de la XVIII Legislatura turn\u00f3 a comisiones una iniciativa de reforma que busca garantizar un futuro m\u00e1s justo y equitativo para las generaciones futuras.<\/p>\n<p>Se trata de una iniciativa de reformas a la Ley de los Derechos de Ni\u00f1as, Ni\u00f1os y Adolescentes del Estado de Quintana Roo, que impulsan las diputadas y diputados del grupo legislativo de MORENA.<\/p>\n<p>La iniciativa plantea alinear la legislaci\u00f3n estatal con la Ley General y los est\u00e1ndares internacionales en materia de derechos de la infancia, en particular con la Convenci\u00f3n sobre los Derechos del Ni\u00f1o y los diversos protocolos facultativos.<\/p>\n<p>Se propone agregar la obligaci\u00f3n de las autoridades estatales y municipales de establecer pol\u00edticas p\u00fablicas para evitar la separaci\u00f3n de ni\u00f1as, ni\u00f1os y adolescentes de quienes ejerzan la patria potestad, tutela o guarda y custodia, a trav\u00e9s de las medidas especiales de protecci\u00f3n, enfatizando su car\u00e1cter preventivo y priorizando su aplicaci\u00f3n antes de considerar la separaci\u00f3n familiar.<\/p>\n<p>Tambi\u00e9n se proponen mecanismos de coordinaci\u00f3n entre las diferentes instituciones involucradas en la atenci\u00f3n a los ni\u00f1os y adolescentes, para garantizar una respuesta integral y efectiva.<\/p>\n<p>En la sesi\u00f3n ordinaria, se dio lectura a una iniciativa de reforma a la Ley de Desarrollo Rural Sustentable del Estado de Quintana Roo, promovida por la diputada Diana Guti\u00e9rrez Garc\u00eda para visibilizar a la mujer del campo.<\/p>\n<p>La propuesta plantea promover el empoderamiento de las mujeres en las pol\u00edticas p\u00fablicas, programas y acciones que se promuevan y desarrollan en el medio rural.<\/p>\n<p>La legisladora destaca la necesidad de regular la inclusi\u00f3n de las mujeres campesinas en las pol\u00edticas p\u00fablicas, programas, acciones, convocatorias y apoyos de desarrollo rural de manera igualitaria, con criterios de equidad social y de paridad de g\u00e9nero.<\/p>\n<p>Por otra parte, se dio lectura a una iniciativa por la que se reforman y adicionan diversas disposiciones de la Ley de Asentamientos Humanos, Ordenamiento Territorial y Desarrollo Urbano del Estado de Quintana Roo; presentada por el diputado Hugo Alday Nieto.<\/p>\n<p>Finalmente, fue aprobado el Informe General Ejecutivo relativo a la Fiscalizaci\u00f3n Superior de la Cuenta P\u00fablica para el Ejercicio Fiscal 2022, adem\u00e1s de emitir las conclusiones y recomendaciones relativas a dicha fiscalizaci\u00f3n.<\/p>\n","protected":false},"excerpt":{"rendered":"<p>\u2022 Turnan a comisiones la iniciativa del grupo legislativo de MORENA para actualizar y fortalecer los derechos de la infancia y la adolescencia. Chetumal, Quintana Roo.- Con el fin de crear entornos seguros y saludables para que cada ni\u00f1a, ni\u00f1o y adolescente tenga acceso a sus derechos, el Pleno de la XVIII Legislatura turn\u00f3 a [&hellip;]<\/p>\n","protected":false},"author":1,"featured_media":25045,"comment_status":"open","ping_status":"closed","sticky":false,"template":"","format":"standard","meta":{"footnotes":""},"categories":[10],"tags":[],"class_list":["post-25043","post","type-post","status-publish","format-standard","has-post-thumbnail","hentry","category-quintana-roo"],"_links":{"self":[{"href":"https:\/\/podernacional.com\/index.php?rest_route=\/wp\/v2\/posts\/25043","targetHints":{"allow":["GET"]}}],"collection":[{"href":"https:\/\/podernacional.com\/index.php?rest_route=\/wp\/v2\/posts"}],"about":[{"href":"https:\/\/podernacional.com\/index.php?rest_route=\/wp\/v2\/types\/post"}],"author":[{"embeddable":true,"href":"https:\/\/podernacional.com\/index.php?rest_route=\/wp\/v2\/users\/1"}],"replies":[{"embeddable":true,"href":"https:\/\/podernacional.com\/index.php?rest_route=%2Fwp%2Fv2%2Fcomments&post=25043"}],"version-history":[{"count":1,"href":"https:\/\/podernacional.com\/index.php?rest_route=\/wp\/v2\/posts\/25043\/revisions"}],"predecessor-version":[{"id":25044,"href":"https:\/\/podernacional.com\/index.php?rest_route=\/wp\/v2\/posts\/25043\/revisions\/25044"}],"wp:featuredmedia":[{"embeddable":true,"href":"https:\/\/podernacional.com\/index.php?rest_route=\/wp\/v2\/media\/25045"}],"wp:attachment":[{"href":"https:\/\/podernacional.com\/index.php?rest_route=%2Fwp%2Fv2%2Fmedia&parent=25043"}],"wp:term":[{"taxonomy":"category","embeddable":true,"href":"https:\/\/podernacional.com\/index.php?rest_route=%2Fwp%2Fv2%2Fcategories&post=25043"},{"taxonomy":"post_tag","embeddable":true,"href":"https:\/\/podernacional.com\/index.php?rest_route=%2Fwp%2Fv2%2Ftags&post=25043"}],"curies":[{"name":"wp","href":"https:\/\/api.w.org\/{rel}","templated":true}]}}