{"id":25049,"date":"2024-10-30T12:53:03","date_gmt":"2024-10-30T17:53:03","guid":{"rendered":"https:\/\/podernacional.com\/?p=25049"},"modified":"2024-10-30T17:53:05","modified_gmt":"2024-10-30T17:53:05","slug":"alumnos-del-cecyte-5b-ganan-concurso-de-altares-2024","status":"publish","type":"post","link":"https:\/\/podernacional.com\/?p=25049","title":{"rendered":"Alumnos del CECyTE 5B ganan concurso de altares 2024"},"content":{"rendered":"<p>\ud83d\udd38 Jos\u00e9 de Jes\u00fas Espinosa Pay\u00e1n acude al Cecyte en representaci\u00f3n de la presidenta municipal Blanca Merari Tziu Mu\u00f1oz, ante quienes destaca que celebrar el D\u00eda de Muertos es parte de la cultura de los mexicanos y, por tanto, se debe alimentar en cada hogar<\/p>\n<p>#QUINTANAROO | Los alumnos del CECyTE, del 5B de la carrera de T\u00e9cnico en Soporte y Mantenimiento de Equipo de C\u00f3mputo (TSMEC) se adjudicaron el primer lugar del concurso de Altares 2024, efectuado en las instalaciones del plantel en esta delegaci\u00f3n como parte del Festival de D\u00eda de Muertos, que incluy\u00f3, adem\u00e1s, bailes folcl\u00f3ricos y representaciones art\u00edsticas.<\/p>\n<p>El director del plantel, Mario Eliseo Medina Castro, dio las palabras de bienvenida a las autoridades, profesores, comunidad estudiantil y padres de familia e indic\u00f3 que celebrar el D\u00eda de Muertos es parte de la cultura de los mexicanos y, por tanto, se debe alimentar en cada hogar, ya que es de vital importancia conservar nuestras tradiciones.<\/p>\n<p>El secretario general del Ayuntamiento, Jes\u00fas Espinosa Pay\u00e1n, quien acudi\u00f3 en representaci\u00f3n de la presidenta Blanca Merari Tziu Mu\u00f1oz, dijo que \u201cla celebraci\u00f3n de D\u00eda de Muertos es una de las tradiciones m\u00e1s representativas de M\u00e9xico y que con los altares no solo se recuerda a los seres queridos ya fallecidos, sino que se les tiene en el hogar una vez m\u00e1s\u201d.<\/p>\n<p>Asimismo, dijo que \u201ceste tipo de eventos invita a expresar y recordar nuestra identidad, cultura y tradiciones\u201d y reconoci\u00f3 el empe\u00f1o y dedicaci\u00f3n de los alumnos participantes en el concurso de altares.<\/p>\n<p>Luego, acompa\u00f1\u00f3 a los jueves en un recorrido por los altares en el que tambi\u00e9n participaron la regidora Yazm\u00edn del Carmen Vivas Medina; Sara S\u00e1nchez Canul, directora del Instituto Municipal de Educaci\u00f3n y Aim\u00e9e Rodr\u00edguez Vivas, directora del Medio Ambiente, quienes escucharon a los alumnos describir los elementos que compon\u00edan cada uno de sus altares.<\/p>\n<p>El primer lugar fue para el grupo de 5 B de TSMEC, quienes montaron un altar del estado de Yucat\u00e1n; segundo, el 3 B, del estado de Guanajuato y, finalmente, el grupo de 1 A del estado de Sinaloa. Los tres ganadores tienen el derecho de participar hoy en el concurso municipal de altares, en el parque central de Leona Vicario.<\/p>\n","protected":false},"excerpt":{"rendered":"<p>\ud83d\udd38 Jos\u00e9 de Jes\u00fas Espinosa Pay\u00e1n acude al Cecyte en representaci\u00f3n de la presidenta municipal Blanca Merari Tziu Mu\u00f1oz, ante quienes destaca que celebrar el D\u00eda de Muertos es parte de la cultura de los mexicanos y, por tanto, se debe alimentar en cada hogar #QUINTANAROO | Los alumnos del CECyTE, del 5B de la [&hellip;]<\/p>\n","protected":false},"author":1,"featured_media":25051,"comment_status":"open","ping_status":"closed","sticky":false,"template":"","format":"standard","meta":{"footnotes":""},"categories":[10],"tags":[],"class_list":["post-25049","post","type-post","status-publish","format-standard","has-post-thumbnail","hentry","category-quintana-roo"],"_links":{"self":[{"href":"https:\/\/podernacional.com\/index.php?rest_route=\/wp\/v2\/posts\/25049","targetHints":{"allow":["GET"]}}],"collection":[{"href":"https:\/\/podernacional.com\/index.php?rest_route=\/wp\/v2\/posts"}],"about":[{"href":"https:\/\/podernacional.com\/index.php?rest_route=\/wp\/v2\/types\/post"}],"author":[{"embeddable":true,"href":"https:\/\/podernacional.com\/index.php?rest_route=\/wp\/v2\/users\/1"}],"replies":[{"embeddable":true,"href":"https:\/\/podernacional.com\/index.php?rest_route=%2Fwp%2Fv2%2Fcomments&post=25049"}],"version-history":[{"count":1,"href":"https:\/\/podernacional.com\/index.php?rest_route=\/wp\/v2\/posts\/25049\/revisions"}],"predecessor-version":[{"id":25050,"href":"https:\/\/podernacional.com\/index.php?rest_route=\/wp\/v2\/posts\/25049\/revisions\/25050"}],"wp:featuredmedia":[{"embeddable":true,"href":"https:\/\/podernacional.com\/index.php?rest_route=\/wp\/v2\/media\/25051"}],"wp:attachment":[{"href":"https:\/\/podernacional.com\/index.php?rest_route=%2Fwp%2Fv2%2Fmedia&parent=25049"}],"wp:term":[{"taxonomy":"category","embeddable":true,"href":"https:\/\/podernacional.com\/index.php?rest_route=%2Fwp%2Fv2%2Fcategories&post=25049"},{"taxonomy":"post_tag","embeddable":true,"href":"https:\/\/podernacional.com\/index.php?rest_route=%2Fwp%2Fv2%2Ftags&post=25049"}],"curies":[{"name":"wp","href":"https:\/\/api.w.org\/{rel}","templated":true}]}}