{"id":25327,"date":"2024-11-13T11:51:33","date_gmt":"2024-11-13T16:51:33","guid":{"rendered":"https:\/\/podernacional.com\/?p=25327"},"modified":"2024-11-13T16:51:35","modified_gmt":"2024-11-13T16:51:35","slug":"habitantes-de-oaxaca-se-oponen-a-que-caravanas-migrantes-lleguen-a-sus-comunidades","status":"publish","type":"post","link":"https:\/\/podernacional.com\/?p=25327","title":{"rendered":"Habitantes de Oaxaca se oponen a que caravanas migrantes lleguen a sus comunidades"},"content":{"rendered":"<p>\ud83d\udd38 Aunque comerciantes y transportistas reportan beneficios econ\u00f3micos por la venta de alimentos y servicios, los efectos sociales incluyen acumulaci\u00f3n de basura, conflictos y robos<\/p>\n<p>#OAXACA | Habitantes de diversas comunidades de Oaxaca se oponen a albergar caravanas migrantes.<\/p>\n<p>Comerciantes y transportistas ven beneficios econ\u00f3micos con la llegada de migrantes, a quienes venden comida y bebidas, rentan ba\u00f1os y transportan a municipios vecinos.<\/p>\n<p>Pero a nivel social se registran afectaciones como acumulaci\u00f3n de basura, peleas por el uso de electricidad y robos.<\/p>\n<p>Humberto Parrazales, presidente municipal de San Pedro Tapanatepec, record\u00f3 que en 2022 y 2023 la poblaci\u00f3n migrante los rebas\u00f3 y \u201ccolaps\u00f3 los servicios y el comercio\u201d.<\/p>\n<p>La alcaldesa Tania Isabel Escobar, de Santo Domingo Zanatepec, se\u00f1ala que el predio adonde llegan las caravanas migrantes no es propiedad del municipio sino del ejido, por lo que hay que pagar a los ejidatarios su renta y posteriormente invertir en la limpieza del lugar.<\/p>\n<p>Por ello, a inicios de a\u00f1o las autoridades de Santiago Niltepec y Santo Domingo Ingenio informaron al Instituto Nacional de Migraci\u00f3n que no permitir\u00edan el ingreso de caravanas.<\/p>\n<p>De esta forma, los migrantes fueron referidos al poblado La Venta de Juchit\u00e1n. Pero al cabo del paso de dos caravanas se retir\u00f3 el permiso de ingreso por las quejas de la poblaci\u00f3n, especialmente en materia de seguridad.<\/p>\n<p>Roque Altamirano Matus, autoridad municipal de La Venta, se\u00f1al\u00f3 que en varias ocasiones pobladores se llevaron detenidos a migrantes a la oficina municipal en medio de intentos de hacer justicia por propia mano.<\/p>\n<p>Este fin de semana se espera la llegada de una caravana migrante denominada \u2018Cristo Vive\u2019.<\/p>\n<p>Se compone de casi mil integrantes, pero para cuando ingrese a Juchit\u00e1n se espera que crezca a 3 mil miembros.<\/p>\n<p>Ser\u00e1 en el municipio donde se defina su ruta a seguir rumbo a la Ciudad de M\u00e9xico, si por Oaxaca o Veracruz.<\/p>\n","protected":false},"excerpt":{"rendered":"<p>\ud83d\udd38 Aunque comerciantes y transportistas reportan beneficios econ\u00f3micos por la venta de alimentos y servicios, los efectos sociales incluyen acumulaci\u00f3n de basura, conflictos y robos #OAXACA | Habitantes de diversas comunidades de Oaxaca se oponen a albergar caravanas migrantes. Comerciantes y transportistas ven beneficios econ\u00f3micos con la llegada de migrantes, a quienes venden comida y [&hellip;]<\/p>\n","protected":false},"author":1,"featured_media":25329,"comment_status":"open","ping_status":"closed","sticky":false,"template":"","format":"standard","meta":{"footnotes":""},"categories":[158],"tags":[],"class_list":["post-25327","post","type-post","status-publish","format-standard","has-post-thumbnail","hentry","category-oaxaca"],"_links":{"self":[{"href":"https:\/\/podernacional.com\/index.php?rest_route=\/wp\/v2\/posts\/25327","targetHints":{"allow":["GET"]}}],"collection":[{"href":"https:\/\/podernacional.com\/index.php?rest_route=\/wp\/v2\/posts"}],"about":[{"href":"https:\/\/podernacional.com\/index.php?rest_route=\/wp\/v2\/types\/post"}],"author":[{"embeddable":true,"href":"https:\/\/podernacional.com\/index.php?rest_route=\/wp\/v2\/users\/1"}],"replies":[{"embeddable":true,"href":"https:\/\/podernacional.com\/index.php?rest_route=%2Fwp%2Fv2%2Fcomments&post=25327"}],"version-history":[{"count":1,"href":"https:\/\/podernacional.com\/index.php?rest_route=\/wp\/v2\/posts\/25327\/revisions"}],"predecessor-version":[{"id":25328,"href":"https:\/\/podernacional.com\/index.php?rest_route=\/wp\/v2\/posts\/25327\/revisions\/25328"}],"wp:featuredmedia":[{"embeddable":true,"href":"https:\/\/podernacional.com\/index.php?rest_route=\/wp\/v2\/media\/25329"}],"wp:attachment":[{"href":"https:\/\/podernacional.com\/index.php?rest_route=%2Fwp%2Fv2%2Fmedia&parent=25327"}],"wp:term":[{"taxonomy":"category","embeddable":true,"href":"https:\/\/podernacional.com\/index.php?rest_route=%2Fwp%2Fv2%2Fcategories&post=25327"},{"taxonomy":"post_tag","embeddable":true,"href":"https:\/\/podernacional.com\/index.php?rest_route=%2Fwp%2Fv2%2Ftags&post=25327"}],"curies":[{"name":"wp","href":"https:\/\/api.w.org\/{rel}","templated":true}]}}