{"id":25417,"date":"2024-11-18T13:18:58","date_gmt":"2024-11-18T18:18:58","guid":{"rendered":"https:\/\/podernacional.com\/?p=25417"},"modified":"2024-11-18T18:19:00","modified_gmt":"2024-11-18T18:19:00","slug":"por-homicidio-en-isla-blanca-consigue-fge-de-quintana-roo-vinculacion-a-proceso-para-dos-sujetos","status":"publish","type":"post","link":"https:\/\/podernacional.com\/?p=25417","title":{"rendered":"Por homicidio en Isla Blanca, consigue FGE de Quintana Roo vinculaci\u00f3n a proceso para dos sujetos"},"content":{"rendered":"<p>\ud83d\udd38 La Fiscal\u00eda General del Estado informa que Carlos Alfredo \u201cN\u201d fue imputado por hechos ocurridos el 18 de octubre del presente a\u00f1o<\/p>\n<p>#QUINTANAROO Por su presunta participaci\u00f3n en hechos que podr\u00edan ser constitutivos de los delitos de homicidio calificado y homicidio en grado de tentativa, la Fiscal\u00eda General del Estado obtuvo de un Juez de Control, por separado, la vinculaci\u00f3n a proceso para dos masculinos en este municipio.<\/p>\n<p>El primer imputado es Carlos Alfredo \u201cN\u201d por hechos ocurridos el 18 de octubre del presente a\u00f1o, cuando junto con sus c\u00f3mplices privaron de la libertad a tres v\u00edctimas en la zona de Isla Blanca, donde fueron interceptados por una camioneta, de la cual descendieron cuatro sujetos y amenazaron a los agraviados, para despu\u00e9s subirlos al veh\u00edculo que conduc\u00edan.<\/p>\n<p>Posteriormente, las v\u00edctimas fueron agredidas f\u00edsicamente y les dispararon; de este ataque con arma de fuego, logr\u00f3 sobrevivir uno de los afectados.<\/p>\n<p>Tras la integraci\u00f3n de la carpeta de investigaci\u00f3n y su respectiva judicializaci\u00f3n, un Juez de Control resolvi\u00f3 vincular a Carlos Alfredo \u201cN\u201d por los delitos de homicidio calificado en agravio de dos v\u00edctimas y por homicidio en grado de tentativa en perjuicio de otra persona; adem\u00e1s, le fue impuesta la medida cautelar de prisi\u00f3n preventiva por el t\u00e9rmino de dos a\u00f1os o lo que dure el proceso.<\/p>\n<p>En el mismo municipio, fue imputado Carlos Alberto \u201cN\u201d, por hechos ocurridos el 19 de mayo del presente a\u00f1o, cuando agredi\u00f3 con un arma blanca a un masculino de identidad reservada, provoc\u00e1ndole lesiones que ocasionaron su deceso.<\/p>\n<p>Carlos Alberto \u201cN\u201d fue detenido en calles de la Supermanzana 95, por elementos de la Polic\u00eda de Investigaci\u00f3n adscritos a la Fiscal\u00eda Especializada en Combate al Delito de Homicidio.<\/p>\n<p>Luego de analizar evidencias presentadas por este organismo aut\u00f3nomo, la autoridad judicial resolvi\u00f3 vincular a proceso a Carlos Alberto \u201cN\u201d, por homicidio calificado; adem\u00e1s, le impuso la medida cautelar de prisi\u00f3n preventiva por el t\u00e9rmino que dure el proceso.<\/p>\n","protected":false},"excerpt":{"rendered":"<p>\ud83d\udd38 La Fiscal\u00eda General del Estado informa que Carlos Alfredo \u201cN\u201d fue imputado por hechos ocurridos el 18 de octubre del presente a\u00f1o #QUINTANAROO Por su presunta participaci\u00f3n en hechos que podr\u00edan ser constitutivos de los delitos de homicidio calificado y homicidio en grado de tentativa, la Fiscal\u00eda General del Estado obtuvo de un Juez [&hellip;]<\/p>\n","protected":false},"author":1,"featured_media":25419,"comment_status":"open","ping_status":"closed","sticky":false,"template":"","format":"standard","meta":{"footnotes":""},"categories":[10],"tags":[],"class_list":["post-25417","post","type-post","status-publish","format-standard","has-post-thumbnail","hentry","category-quintana-roo"],"_links":{"self":[{"href":"https:\/\/podernacional.com\/index.php?rest_route=\/wp\/v2\/posts\/25417","targetHints":{"allow":["GET"]}}],"collection":[{"href":"https:\/\/podernacional.com\/index.php?rest_route=\/wp\/v2\/posts"}],"about":[{"href":"https:\/\/podernacional.com\/index.php?rest_route=\/wp\/v2\/types\/post"}],"author":[{"embeddable":true,"href":"https:\/\/podernacional.com\/index.php?rest_route=\/wp\/v2\/users\/1"}],"replies":[{"embeddable":true,"href":"https:\/\/podernacional.com\/index.php?rest_route=%2Fwp%2Fv2%2Fcomments&post=25417"}],"version-history":[{"count":1,"href":"https:\/\/podernacional.com\/index.php?rest_route=\/wp\/v2\/posts\/25417\/revisions"}],"predecessor-version":[{"id":25418,"href":"https:\/\/podernacional.com\/index.php?rest_route=\/wp\/v2\/posts\/25417\/revisions\/25418"}],"wp:featuredmedia":[{"embeddable":true,"href":"https:\/\/podernacional.com\/index.php?rest_route=\/wp\/v2\/media\/25419"}],"wp:attachment":[{"href":"https:\/\/podernacional.com\/index.php?rest_route=%2Fwp%2Fv2%2Fmedia&parent=25417"}],"wp:term":[{"taxonomy":"category","embeddable":true,"href":"https:\/\/podernacional.com\/index.php?rest_route=%2Fwp%2Fv2%2Fcategories&post=25417"},{"taxonomy":"post_tag","embeddable":true,"href":"https:\/\/podernacional.com\/index.php?rest_route=%2Fwp%2Fv2%2Ftags&post=25417"}],"curies":[{"name":"wp","href":"https:\/\/api.w.org\/{rel}","templated":true}]}}