{"id":25431,"date":"2024-11-19T12:22:21","date_gmt":"2024-11-19T17:22:21","guid":{"rendered":"https:\/\/podernacional.com\/?p=25431"},"modified":"2024-11-19T17:22:23","modified_gmt":"2024-11-19T17:22:23","slug":"tamaulipas-sera-el-primer-estado-en-elegir-jueces","status":"publish","type":"post","link":"https:\/\/podernacional.com\/?p=25431","title":{"rendered":"Tamaulipas ser\u00e1 el primer estado en elegir jueces"},"content":{"rendered":"<p>\ud83d\udd38 El Congreso del Estado aprob\u00f3 una reforma clave al sistema judicial, tras un proceso de consulta p\u00fablica que involucr\u00f3 a especialistas, instituciones educativas y ciudadanos, seg\u00fan inform\u00f3 el Diputado Isidro Vargas Fern\u00e1ndez<\/p>\n<p>#TAMAULIPAS | En un hecho sin precedentes en M\u00e9xico, Tamaulipas se convertir\u00e1 en el primer estado donde la ciudadan\u00eda elegir\u00e1 por voto popular a jueces, juezas, magistrados y magistradas, gracias a una reforma hist\u00f3rica aprobada por el Congreso local. Esta medida, impulsada por el Gobernador Am\u00e9rico Villarreal Anaya, busca transformar el Poder Judicial, haci\u00e9ndolo m\u00e1s transparente, cercano y representativo.<\/p>\n<p>El Congreso del Estado aprob\u00f3 la reforma tras un proceso de consulta p\u00fablica que incluy\u00f3 aportaciones de especialistas, instituciones educativas y ciudadanos, seg\u00fan destac\u00f3 el Diputado Isidro Vargas Fern\u00e1ndez. Entre los cambios m\u00e1s relevantes est\u00e1 la creaci\u00f3n de dos nuevos \u00f3rganos que sustituir\u00e1n al Consejo de la Judicatura:<\/p>\n<p>Tribunal de Disciplina Judicial: encargado de investigar y sancionar faltas en el desempe\u00f1o de los funcionarios judiciales.<br \/>\n\u00d3rgano de Administraci\u00f3n Judicial: responsable de gestionar las operaciones internas del Poder Judicial.<br \/>\nAdem\u00e1s, se estableci\u00f3 que la remoci\u00f3n de jueces ser\u00e1 una facultad exclusiva del Tribunal de Disciplina Judicial, dejando atr\u00e1s la intervenci\u00f3n del Congreso en este proceso.<\/p>\n<p>La primera elecci\u00f3n de jueces y magistrados por voto popular est\u00e1 programada para el 1 de junio de 2025, coincidiendo con las elecciones federales. Los candidatos seleccionados ocupar\u00e1n sus puestos a partir del 1 de octubre de ese mismo a\u00f1o.<\/p>\n<p>Aunque algunos legisladores de oposici\u00f3n han expresado preocupaciones sobre la posible afectaci\u00f3n a la autonom\u00eda e imparcialidad del Poder Judicial, la mayor\u00eda sostiene que este modelo fortalecer\u00e1 la confianza ciudadana al dignificar la administraci\u00f3n de justicia y combatir el nepotismo y la corrupci\u00f3n que, seg\u00fan el Diputado Elifa G\u00f3mez, han plagado al sistema judicial.<\/p>\n","protected":false},"excerpt":{"rendered":"<p>\ud83d\udd38 El Congreso del Estado aprob\u00f3 una reforma clave al sistema judicial, tras un proceso de consulta p\u00fablica que involucr\u00f3 a especialistas, instituciones educativas y ciudadanos, seg\u00fan inform\u00f3 el Diputado Isidro Vargas Fern\u00e1ndez #TAMAULIPAS | En un hecho sin precedentes en M\u00e9xico, Tamaulipas se convertir\u00e1 en el primer estado donde la ciudadan\u00eda elegir\u00e1 por voto [&hellip;]<\/p>\n","protected":false},"author":1,"featured_media":25433,"comment_status":"open","ping_status":"closed","sticky":false,"template":"","format":"standard","meta":{"footnotes":""},"categories":[156],"tags":[],"class_list":["post-25431","post","type-post","status-publish","format-standard","has-post-thumbnail","hentry","category-tamaulipas"],"_links":{"self":[{"href":"https:\/\/podernacional.com\/index.php?rest_route=\/wp\/v2\/posts\/25431","targetHints":{"allow":["GET"]}}],"collection":[{"href":"https:\/\/podernacional.com\/index.php?rest_route=\/wp\/v2\/posts"}],"about":[{"href":"https:\/\/podernacional.com\/index.php?rest_route=\/wp\/v2\/types\/post"}],"author":[{"embeddable":true,"href":"https:\/\/podernacional.com\/index.php?rest_route=\/wp\/v2\/users\/1"}],"replies":[{"embeddable":true,"href":"https:\/\/podernacional.com\/index.php?rest_route=%2Fwp%2Fv2%2Fcomments&post=25431"}],"version-history":[{"count":1,"href":"https:\/\/podernacional.com\/index.php?rest_route=\/wp\/v2\/posts\/25431\/revisions"}],"predecessor-version":[{"id":25432,"href":"https:\/\/podernacional.com\/index.php?rest_route=\/wp\/v2\/posts\/25431\/revisions\/25432"}],"wp:featuredmedia":[{"embeddable":true,"href":"https:\/\/podernacional.com\/index.php?rest_route=\/wp\/v2\/media\/25433"}],"wp:attachment":[{"href":"https:\/\/podernacional.com\/index.php?rest_route=%2Fwp%2Fv2%2Fmedia&parent=25431"}],"wp:term":[{"taxonomy":"category","embeddable":true,"href":"https:\/\/podernacional.com\/index.php?rest_route=%2Fwp%2Fv2%2Fcategories&post=25431"},{"taxonomy":"post_tag","embeddable":true,"href":"https:\/\/podernacional.com\/index.php?rest_route=%2Fwp%2Fv2%2Ftags&post=25431"}],"curies":[{"name":"wp","href":"https:\/\/api.w.org\/{rel}","templated":true}]}}