{"id":25445,"date":"2024-11-20T12:19:00","date_gmt":"2024-11-20T17:19:00","guid":{"rendered":"https:\/\/podernacional.com\/?p=25445"},"modified":"2024-11-20T17:19:02","modified_gmt":"2024-11-20T17:19:02","slug":"margarita-gonzalez-toma-protesta-a-nuevos-integrantes-del-consejo-estatal-de-proteccion-civil-de-morelos","status":"publish","type":"post","link":"https:\/\/podernacional.com\/?p=25445","title":{"rendered":"Margarita Gonz\u00e1lez toma protesta a nuevos integrantes del Consejo Estatal de Protecci\u00f3n Civil de Morelos"},"content":{"rendered":"<p>\ud83d\udd38 La gobernadora de Morelos refuerza los esfuerzos para garantizar la seguridad y bienestar de los morelenses<\/p>\n<p>#MORELOS | En una ceremonia realizada en el Palacio de Gobierno, la gobernadora de Morelos, Margarita Gonz\u00e1lez, tom\u00f3 protesta a las y los nuevos integrantes del Consejo Estatal de Protecci\u00f3n Civil, con el objetivo de fortalecer las estrategias para proteger a la poblaci\u00f3n ante riesgos y emergencias.<\/p>\n<p>Durante su intervenci\u00f3n, Gonz\u00e1lez destac\u00f3 la importancia de contar con un equipo comprometido que trabaje de manera coordinada para salvaguardar la integridad de los morelenses. \u201cEstamos creando las condiciones id\u00f3neas para que cada habitante de Morelos se desenvuelva en entornos de seguridad y protecci\u00f3n\u201d, afirm\u00f3 la mandataria.<\/p>\n<p>En el marco de la ceremonia, se entregaron mapas detallados para la identificaci\u00f3n de riesgos y sistemas expuestos, que ser\u00e1n distribuidos entre los presidentes municipales de los 33 municipios del estado. Esta herramienta busca optimizar las acciones preventivas y de respuesta ante situaciones de emergencia, asegurando que los recursos est\u00e9n dirigidos de manera eficiente a las zonas m\u00e1s vulnerables.<\/p>\n<p>La gobernadora enfatiz\u00f3 que la creaci\u00f3n de estos mecanismos de coordinaci\u00f3n entre los diversos niveles de gobierno y la sociedad es esencial para fortalecer la resiliencia de la entidad frente a desastres naturales u otras crisis.<\/p>\n","protected":false},"excerpt":{"rendered":"<p>\ud83d\udd38 La gobernadora de Morelos refuerza los esfuerzos para garantizar la seguridad y bienestar de los morelenses #MORELOS | En una ceremonia realizada en el Palacio de Gobierno, la gobernadora de Morelos, Margarita Gonz\u00e1lez, tom\u00f3 protesta a las y los nuevos integrantes del Consejo Estatal de Protecci\u00f3n Civil, con el objetivo de fortalecer las estrategias [&hellip;]<\/p>\n","protected":false},"author":1,"featured_media":25447,"comment_status":"open","ping_status":"closed","sticky":false,"template":"","format":"standard","meta":{"footnotes":""},"categories":[153],"tags":[],"class_list":["post-25445","post","type-post","status-publish","format-standard","has-post-thumbnail","hentry","category-morelos"],"_links":{"self":[{"href":"https:\/\/podernacional.com\/index.php?rest_route=\/wp\/v2\/posts\/25445","targetHints":{"allow":["GET"]}}],"collection":[{"href":"https:\/\/podernacional.com\/index.php?rest_route=\/wp\/v2\/posts"}],"about":[{"href":"https:\/\/podernacional.com\/index.php?rest_route=\/wp\/v2\/types\/post"}],"author":[{"embeddable":true,"href":"https:\/\/podernacional.com\/index.php?rest_route=\/wp\/v2\/users\/1"}],"replies":[{"embeddable":true,"href":"https:\/\/podernacional.com\/index.php?rest_route=%2Fwp%2Fv2%2Fcomments&post=25445"}],"version-history":[{"count":1,"href":"https:\/\/podernacional.com\/index.php?rest_route=\/wp\/v2\/posts\/25445\/revisions"}],"predecessor-version":[{"id":25446,"href":"https:\/\/podernacional.com\/index.php?rest_route=\/wp\/v2\/posts\/25445\/revisions\/25446"}],"wp:featuredmedia":[{"embeddable":true,"href":"https:\/\/podernacional.com\/index.php?rest_route=\/wp\/v2\/media\/25447"}],"wp:attachment":[{"href":"https:\/\/podernacional.com\/index.php?rest_route=%2Fwp%2Fv2%2Fmedia&parent=25445"}],"wp:term":[{"taxonomy":"category","embeddable":true,"href":"https:\/\/podernacional.com\/index.php?rest_route=%2Fwp%2Fv2%2Fcategories&post=25445"},{"taxonomy":"post_tag","embeddable":true,"href":"https:\/\/podernacional.com\/index.php?rest_route=%2Fwp%2Fv2%2Ftags&post=25445"}],"curies":[{"name":"wp","href":"https:\/\/api.w.org\/{rel}","templated":true}]}}