{"id":25451,"date":"2024-11-20T12:29:11","date_gmt":"2024-11-20T17:29:11","guid":{"rendered":"https:\/\/podernacional.com\/?p=25451"},"modified":"2024-11-20T17:29:12","modified_gmt":"2024-11-20T17:29:12","slug":"julio-arreola-respalda-la-iniciativa-de-reforma-indigena-de-alfredo-ramirez-bedolla","status":"publish","type":"post","link":"https:\/\/podernacional.com\/?p=25451","title":{"rendered":"Julio Arreola respalda la iniciativa de Reforma Ind\u00edgena de Alfredo Ram\u00edrez Bedolla"},"content":{"rendered":"<p>\ud83d\udd38 El presidente municipal de P\u00e1tzcuaro resalt\u00f3 el compromiso del Gobernador con el fortalecimiento de la autonom\u00eda de las comunidades originarias en Michoac\u00e1n<\/p>\n<p>#MICHOAC\u00c1N | En el marco de la firma de la iniciativa de Reforma Ind\u00edgena impulsada por el gobernador Alfredo Ram\u00edrez Bedolla, el presidente municipal de P\u00e1tzcuaro, Julio Arreola, refrend\u00f3 su respaldo a esta propuesta que, seg\u00fan indic\u00f3, representa un avance significativo para las comunidades ind\u00edgenas de Michoac\u00e1n.<\/p>\n<p>\u00abMe llen\u00f3 de esperanza por todo lo que representa\u00bb, expres\u00f3 Arreola, quien destac\u00f3 que esta reforma permitir\u00e1 reconocer a los gobiernos comunales como un cuarto nivel de gobierno, otorg\u00e1ndoles mayor voz y autonom\u00eda en sus decisiones. Esto, asegur\u00f3, fortalecer\u00e1 las estructuras locales y fomentar\u00e1 una mayor autogesti\u00f3n en las comunidades.<\/p>\n<p>Uno de los aspectos clave de la reforma es la asignaci\u00f3n de un presupuesto directo para las comunidades ind\u00edgenas, lo que, seg\u00fan el alcalde, permitir\u00e1 que gestionen mejor sus recursos y prioricen sus necesidades. \u00abCon este cambio, se asegura que las comunidades tengan el control y la capacidad de decidir sobre sus propios proyectos\u00bb, se\u00f1al\u00f3 Arreola.<\/p>\n<p>Asimismo, la reforma impulsar\u00e1 la participaci\u00f3n activa de las mujeres ind\u00edgenas, promoviendo su inclusi\u00f3n en los procesos de toma de decisiones. Adem\u00e1s, se fomentar\u00e1 la preservaci\u00f3n y el respeto por las lenguas y tradiciones ind\u00edgenas, un aspecto fundamental para mantener vivas las culturas originarias del estado.<\/p>\n<p>En su intervenci\u00f3n, Arreola subray\u00f3 el compromiso de su administraci\u00f3n con las comunidades ind\u00edgenas de P\u00e1tzcuaro. \u00abEn nuestro municipio, estamos convencidos de que esta reforma es un paso important\u00edsimo hacia la justicia y la igualdad para nuestros pueblos originarios\u00bb, afirm\u00f3. El alcalde reiter\u00f3 su disposici\u00f3n de seguir trabajando de la mano con el gobierno estatal y las comunidades para asegurar que los beneficios de esta reforma lleguen a todas las localidades de P\u00e1tzcuaro.<\/p>\n","protected":false},"excerpt":{"rendered":"<p>\ud83d\udd38 El presidente municipal de P\u00e1tzcuaro resalt\u00f3 el compromiso del Gobernador con el fortalecimiento de la autonom\u00eda de las comunidades originarias en Michoac\u00e1n #MICHOAC\u00c1N | En el marco de la firma de la iniciativa de Reforma Ind\u00edgena impulsada por el gobernador Alfredo Ram\u00edrez Bedolla, el presidente municipal de P\u00e1tzcuaro, Julio Arreola, refrend\u00f3 su respaldo a [&hellip;]<\/p>\n","protected":false},"author":1,"featured_media":25453,"comment_status":"open","ping_status":"closed","sticky":false,"template":"","format":"standard","meta":{"footnotes":""},"categories":[148],"tags":[],"class_list":["post-25451","post","type-post","status-publish","format-standard","has-post-thumbnail","hentry","category-michoacan"],"_links":{"self":[{"href":"https:\/\/podernacional.com\/index.php?rest_route=\/wp\/v2\/posts\/25451","targetHints":{"allow":["GET"]}}],"collection":[{"href":"https:\/\/podernacional.com\/index.php?rest_route=\/wp\/v2\/posts"}],"about":[{"href":"https:\/\/podernacional.com\/index.php?rest_route=\/wp\/v2\/types\/post"}],"author":[{"embeddable":true,"href":"https:\/\/podernacional.com\/index.php?rest_route=\/wp\/v2\/users\/1"}],"replies":[{"embeddable":true,"href":"https:\/\/podernacional.com\/index.php?rest_route=%2Fwp%2Fv2%2Fcomments&post=25451"}],"version-history":[{"count":1,"href":"https:\/\/podernacional.com\/index.php?rest_route=\/wp\/v2\/posts\/25451\/revisions"}],"predecessor-version":[{"id":25452,"href":"https:\/\/podernacional.com\/index.php?rest_route=\/wp\/v2\/posts\/25451\/revisions\/25452"}],"wp:featuredmedia":[{"embeddable":true,"href":"https:\/\/podernacional.com\/index.php?rest_route=\/wp\/v2\/media\/25453"}],"wp:attachment":[{"href":"https:\/\/podernacional.com\/index.php?rest_route=%2Fwp%2Fv2%2Fmedia&parent=25451"}],"wp:term":[{"taxonomy":"category","embeddable":true,"href":"https:\/\/podernacional.com\/index.php?rest_route=%2Fwp%2Fv2%2Fcategories&post=25451"},{"taxonomy":"post_tag","embeddable":true,"href":"https:\/\/podernacional.com\/index.php?rest_route=%2Fwp%2Fv2%2Ftags&post=25451"}],"curies":[{"name":"wp","href":"https:\/\/api.w.org\/{rel}","templated":true}]}}