{"id":25468,"date":"2024-11-21T11:42:56","date_gmt":"2024-11-21T16:42:56","guid":{"rendered":"https:\/\/podernacional.com\/?p=25468"},"modified":"2024-11-21T16:42:58","modified_gmt":"2024-11-21T16:42:58","slug":"la-plana-mayor-de-morena-en-sinaloa","status":"publish","type":"post","link":"https:\/\/podernacional.com\/?p=25468","title":{"rendered":"La plana mayor de Morena en Sinaloa"},"content":{"rendered":"<p>\ud83d\udd38 El evento ser\u00e1 en el ya tradicional Polideportivo Juan S. Mill\u00e1n.<\/p>\n<p>#SINALOA | La\u00a0plana mayor de la dirigencia nacional de Morena\u00a0estar\u00e1\u00a0en Culiac\u00e1n\u00a0el\u00a0pr\u00f3ximo domingo\u00a024 de noviembre\u00a0para participar en la Asamblea Informativa con la militancia sinaloense. El evento ser\u00e1 en el ya tradicional\u00a0Polideportivo Juan S. Mill\u00e1n, que hay que decir pocos lo han llenado como lo hizo\u00a0Juan de Dios G\u00e1mez\u00a0en campa\u00f1a.<\/p>\n<p>A esta gira en la capital del estado vendr\u00e1n la\u00a0presidenta nacional\u00a0de\u00a0Morena,\u00a0Luisa Mar\u00eda Alcalde; la secretaria general, Carolina Rangel; y el secretario de Organizaci\u00f3n,\u00a0Andr\u00e9s Manuel L\u00f3pez Beltr\u00e1n, que actualmente son la imagen del partido y se considera el relevo generacional del movimiento.<\/p>\n<p>Previo al evento masivo que ser\u00e1 la Asamblea Informativa con la militancia se inform\u00f3 que habr\u00e1 una reuni\u00f3n de la dirigencia nacional con militantes y figuras emblem\u00e1ticas de Sinaloa, seguramente ver\u00e1n temas finos del partido y del entorno pol\u00edtico, sin duda, es una oportunidad para tender puentes y relaciones.<\/p>\n<p>Como le dec\u00edamos en campa\u00f1a por la alcald\u00eda de Culiac\u00e1n,\u00a0Juan de Dios G\u00e1mez\u00a0puso a reventar el Polideportivo Juan S. Mill\u00e1n, mostr\u00f3 un tremendo m\u00fasculo pol\u00edtico y de pasada el respaldo de la estructura y bases morenistas, fueron para la posteridad las im\u00e1genes de c\u00f3mo se ve\u00eda lleno hasta las l\u00e1mparas de esa marea guinda apoy\u00e1ndolo.<\/p>\n<p>Le estaremos platicando todos los detalles de la gira y las reuniones de la plana mayor de Morena en Sinaloa, seguramente habr\u00e1 muchos mensajes y veremos quien trae el \u2018power\u2019 en el CEN morenista.<\/p>\n<p>Definitivamente ser\u00e1 muy interesante esta visita de la nueva dirigencia nacional de Morena que tiene dos figuras visibles,\u00a0Luisa Mar\u00eda Alcalde y Andr\u00e9s Manuel L\u00f3pez Beltr\u00e1n, ambos representan el \u2018lopezobradorismo\u2019 que se mantiene muy fuerte en el movimiento, veremos quienes son los cercanos, as\u00ed que muy atentos.<\/p>\n<p>Destacado. La Auditor\u00eda Superior de la Federaci\u00f3n\u00a0dictamin\u00f3\u00a0cero observaciones\u00a0en la cuenta p\u00fablica del gobierno de\u00a0Rub\u00e9n Rocha Moya, por lo que la titular de la Secretar\u00eda de Transparencia Mar\u00eda Guadalupe Ram\u00edrez Zepeda se\u00f1al\u00f3 que esto confirma que en tres a\u00f1os de gesti\u00f3n no ha habido desfalcos, desviaciones, malversaciones ni cohecho.<\/p>\n<p>Asimismo, Guadalupe Ram\u00edrez se\u00f1al\u00f3 que el dictamen de la ASF confirma que en el gobierno de Rub\u00e9n Rocha prevalece la honestidad en el manejo del recurso p\u00fablico. Adem\u00e1s, ha procurado avanzar en la fiscalizaci\u00f3n. Sin duda, buenas noticias y desde luego, buena se\u00f1al.<br \/>\nAgenda. El d\u00eda de hoy a las 9:00 horas la presidenta del Comit\u00e9 Directivo Estatal del PAN, Roxana Rubio Valdez tendr\u00e1 conferencia de prensa, el evento ser\u00e1 en la sala de juntas del partido en el Congreso del Estado, le estaremos platicando los detalles.<\/p>\n<p>Por cierto, en la Partido Acci\u00f3n Nacional de Sinaloa hay fuertes fricciones entre la presidenta Roxana Rubio y el secretario general Luis \u00c1ngel Guatimea, hay acusaciones y exigencia de sanciones y hasta expulsi\u00f3n. As\u00ed que no terminan de la mejor manera la actual dirigencia.<\/p>\n","protected":false},"excerpt":{"rendered":"<p>\ud83d\udd38 El evento ser\u00e1 en el ya tradicional Polideportivo Juan S. Mill\u00e1n. #SINALOA | La\u00a0plana mayor de la dirigencia nacional de Morena\u00a0estar\u00e1\u00a0en Culiac\u00e1n\u00a0el\u00a0pr\u00f3ximo domingo\u00a024 de noviembre\u00a0para participar en la Asamblea Informativa con la militancia sinaloense. El evento ser\u00e1 en el ya tradicional\u00a0Polideportivo Juan S. Mill\u00e1n, que hay que decir pocos lo han llenado como lo [&hellip;]<\/p>\n","protected":false},"author":1,"featured_media":25470,"comment_status":"open","ping_status":"closed","sticky":false,"template":"","format":"standard","meta":{"footnotes":""},"categories":[155],"tags":[],"class_list":["post-25468","post","type-post","status-publish","format-standard","has-post-thumbnail","hentry","category-sinaloa"],"_links":{"self":[{"href":"https:\/\/podernacional.com\/index.php?rest_route=\/wp\/v2\/posts\/25468","targetHints":{"allow":["GET"]}}],"collection":[{"href":"https:\/\/podernacional.com\/index.php?rest_route=\/wp\/v2\/posts"}],"about":[{"href":"https:\/\/podernacional.com\/index.php?rest_route=\/wp\/v2\/types\/post"}],"author":[{"embeddable":true,"href":"https:\/\/podernacional.com\/index.php?rest_route=\/wp\/v2\/users\/1"}],"replies":[{"embeddable":true,"href":"https:\/\/podernacional.com\/index.php?rest_route=%2Fwp%2Fv2%2Fcomments&post=25468"}],"version-history":[{"count":1,"href":"https:\/\/podernacional.com\/index.php?rest_route=\/wp\/v2\/posts\/25468\/revisions"}],"predecessor-version":[{"id":25469,"href":"https:\/\/podernacional.com\/index.php?rest_route=\/wp\/v2\/posts\/25468\/revisions\/25469"}],"wp:featuredmedia":[{"embeddable":true,"href":"https:\/\/podernacional.com\/index.php?rest_route=\/wp\/v2\/media\/25470"}],"wp:attachment":[{"href":"https:\/\/podernacional.com\/index.php?rest_route=%2Fwp%2Fv2%2Fmedia&parent=25468"}],"wp:term":[{"taxonomy":"category","embeddable":true,"href":"https:\/\/podernacional.com\/index.php?rest_route=%2Fwp%2Fv2%2Fcategories&post=25468"},{"taxonomy":"post_tag","embeddable":true,"href":"https:\/\/podernacional.com\/index.php?rest_route=%2Fwp%2Fv2%2Ftags&post=25468"}],"curies":[{"name":"wp","href":"https:\/\/api.w.org\/{rel}","templated":true}]}}