{"id":25471,"date":"2024-11-21T11:46:02","date_gmt":"2024-11-21T16:46:02","guid":{"rendered":"https:\/\/podernacional.com\/?p=25471"},"modified":"2024-11-21T16:46:04","modified_gmt":"2024-11-21T16:46:04","slug":"logra-fge-de-quintana-roo-vinculacion-a-proceso-para-el-quinto-implicado-en-el-homicidio-de-un-colaborador-del-sindicato-de-taxistas-de-benito-juarez","status":"publish","type":"post","link":"https:\/\/podernacional.com\/?p=25471","title":{"rendered":"Logra FGE de Quintana Roo vinculaci\u00f3n a proceso para el quinto implicado en el homicidio de un colaborador del Sindicato de Taxistas de Benito Ju\u00e1rez"},"content":{"rendered":"<p>\ud83d\udd38 La Fiscal\u00eda General del Estado informa que el ahora imputado es identificado como Jos\u00e9 Rosendo \u201cN\u201d<\/p>\n<p>#QUINTANAROO | Por su presunta relaci\u00f3n en hechos probablemente constitutivos del delito de homicidio calificado en agravio de un colaborador del Sindicato de Taxistas, Choferes y Similares del Caribe \u201cAndr\u00e9s Quintana Roo\u201d, la Fiscal\u00eda General del Estado obtuvo de un Juez, el auto de vinculaci\u00f3n a proceso para quien es identificado como Jos\u00e9 Rosendo \u201cN\u201d.<\/p>\n<p>El se\u00f1alado es el quinto vinculado a proceso por el delito mencionado, ocurrido en este municipio, el 25 de octubre del a\u00f1o en curso, cuando la v\u00edctima fue privado de la libertad al llegar a su domicilio, d\u00edas despu\u00e9s su cuerpo sin vida fue encontrado en un \u00e1rea verde de la carretera Canc\u00fan-M\u00e9rida.<\/p>\n<p>Seg\u00fan las indagatorias por parte de la Polic\u00eda de Investigaci\u00f3n adscrita a la Fiscal\u00eda Especializada en Combate al Delito de Homicidio, la participaci\u00f3n del imputado en el homicidio, fue la de seguir los pasos de la v\u00edctima, con el fin de alertar a sus c\u00f3mplices del momento en que saliera del Sindicato de Taxistas y llegara a su vivienda, de donde fue privado de la libertad.<\/p>\n<p>Jos\u00e9 Rosendo \u201cN\u201d fue detenido en Tizim\u00edn, Yucat\u00e1n y tras cumplirse el t\u00e9rmino previsto por la ley, el Juez le dict\u00f3 la vinculaci\u00f3n a proceso, dej\u00e1ndolo bajo la medida cautelar de prisi\u00f3n preventiva por dos a\u00f1os el tiempo que dure el proceso.<\/p>\n","protected":false},"excerpt":{"rendered":"<p>\ud83d\udd38 La Fiscal\u00eda General del Estado informa que el ahora imputado es identificado como Jos\u00e9 Rosendo \u201cN\u201d #QUINTANAROO | Por su presunta relaci\u00f3n en hechos probablemente constitutivos del delito de homicidio calificado en agravio de un colaborador del Sindicato de Taxistas, Choferes y Similares del Caribe \u201cAndr\u00e9s Quintana Roo\u201d, la Fiscal\u00eda General del Estado obtuvo [&hellip;]<\/p>\n","protected":false},"author":1,"featured_media":25473,"comment_status":"open","ping_status":"closed","sticky":false,"template":"","format":"standard","meta":{"footnotes":""},"categories":[10],"tags":[],"class_list":["post-25471","post","type-post","status-publish","format-standard","has-post-thumbnail","hentry","category-quintana-roo"],"_links":{"self":[{"href":"https:\/\/podernacional.com\/index.php?rest_route=\/wp\/v2\/posts\/25471","targetHints":{"allow":["GET"]}}],"collection":[{"href":"https:\/\/podernacional.com\/index.php?rest_route=\/wp\/v2\/posts"}],"about":[{"href":"https:\/\/podernacional.com\/index.php?rest_route=\/wp\/v2\/types\/post"}],"author":[{"embeddable":true,"href":"https:\/\/podernacional.com\/index.php?rest_route=\/wp\/v2\/users\/1"}],"replies":[{"embeddable":true,"href":"https:\/\/podernacional.com\/index.php?rest_route=%2Fwp%2Fv2%2Fcomments&post=25471"}],"version-history":[{"count":1,"href":"https:\/\/podernacional.com\/index.php?rest_route=\/wp\/v2\/posts\/25471\/revisions"}],"predecessor-version":[{"id":25472,"href":"https:\/\/podernacional.com\/index.php?rest_route=\/wp\/v2\/posts\/25471\/revisions\/25472"}],"wp:featuredmedia":[{"embeddable":true,"href":"https:\/\/podernacional.com\/index.php?rest_route=\/wp\/v2\/media\/25473"}],"wp:attachment":[{"href":"https:\/\/podernacional.com\/index.php?rest_route=%2Fwp%2Fv2%2Fmedia&parent=25471"}],"wp:term":[{"taxonomy":"category","embeddable":true,"href":"https:\/\/podernacional.com\/index.php?rest_route=%2Fwp%2Fv2%2Fcategories&post=25471"},{"taxonomy":"post_tag","embeddable":true,"href":"https:\/\/podernacional.com\/index.php?rest_route=%2Fwp%2Fv2%2Ftags&post=25471"}],"curies":[{"name":"wp","href":"https:\/\/api.w.org\/{rel}","templated":true}]}}