{"id":25525,"date":"2024-11-23T14:00:11","date_gmt":"2024-11-23T19:00:11","guid":{"rendered":"https:\/\/podernacional.com\/?p=25525"},"modified":"2024-11-24T06:27:22","modified_gmt":"2024-11-24T06:27:22","slug":"visita-inesperada-grupo-de-amigas-son-sorprendidas-por-oso-en-una-cabana-en-chipinque","status":"publish","type":"post","link":"https:\/\/podernacional.com\/?p=25525","title":{"rendered":"\u00a1Visita inesperada! Grupo de amigas son sorprendidas por oso en una caba\u00f1a en Chipinque"},"content":{"rendered":"<p>\ud83d\udd38 Luego de escuchar ruidos en la segunda planta de la caba\u00f1a, un grupo de chicas recibieron un gran susto al darse cuenta de que hab\u00eda un oso en el lugar donde se hospedaban.<\/p>\n<p>#VIRAL | Un grupo de chicas captaron en video una inesperada visita de un oso en la caba\u00f1a donde se hospedaban en el\u00a0Parque Ecol\u00f3gico Chipinque.\u00a0El encuentro se dio a cabo despu\u00e9s de que escucharan ruidos y golpes en la parte de arriba, luego una de las j\u00f3venes procedi\u00f3 a preguntar \u201c\u00bfqui\u00e9n est\u00e1 aqu\u00ed arriba?\u201d en ese momento, un oso se asoma en la esquina del lugar por lo que las presentes bajaron por las escaleras asustadas y bloquearon el paso con un sill\u00f3n para que no pudiera llegar hacia ellas.<\/p>\n<p>Luego de resguardarse en una de las habitaciones, las j\u00f3venes recurrieron a pedir ayuda por medio de v\u00eda telef\u00f3nica.<\/p>\n<p>De acuerdo con la grabaci\u00f3n, despu\u00e9s el oso se retir\u00f3 del lugar y el grupo de chicas salieron del cuarto a ver los destrozos que hab\u00eda hecho el mam\u00edfero, entre ellos, solo encontraron el refrigerador\u00a0 abierto y unas hojas de tamales que el oso consumi\u00f3 mientras se encontraba en el lugar, adem\u00e1s de un pastel.<\/p>\n<p>En el video muestran que es posible que el oso pudo haber entrado por medio de una ventana que supuestamente estaba cerrada.<\/p>\n<p>Este suceso se pudo a dar conocer por la grabaci\u00f3n publicada por la usuaria de TikTok\u00a0@nattcova1807 en el cual menciona:<\/p>\n<p>\u00abGran acontecimiento el que vivimos, si que si\u00bb, comparte la joven.<\/p>\n","protected":false},"excerpt":{"rendered":"<p>\ud83d\udd38 Luego de escuchar ruidos en la segunda planta de la caba\u00f1a, un grupo de chicas recibieron un gran susto al darse cuenta de que hab\u00eda un oso en el lugar donde se hospedaban. #VIRAL | Un grupo de chicas captaron en video una inesperada visita de un oso en la caba\u00f1a donde se hospedaban [&hellip;]<\/p>\n","protected":false},"author":1,"featured_media":25527,"comment_status":"open","ping_status":"closed","sticky":false,"template":"","format":"standard","meta":{"footnotes":""},"categories":[136],"tags":[],"class_list":["post-25525","post","type-post","status-publish","format-standard","has-post-thumbnail","hentry","category-viral"],"_links":{"self":[{"href":"https:\/\/podernacional.com\/index.php?rest_route=\/wp\/v2\/posts\/25525","targetHints":{"allow":["GET"]}}],"collection":[{"href":"https:\/\/podernacional.com\/index.php?rest_route=\/wp\/v2\/posts"}],"about":[{"href":"https:\/\/podernacional.com\/index.php?rest_route=\/wp\/v2\/types\/post"}],"author":[{"embeddable":true,"href":"https:\/\/podernacional.com\/index.php?rest_route=\/wp\/v2\/users\/1"}],"replies":[{"embeddable":true,"href":"https:\/\/podernacional.com\/index.php?rest_route=%2Fwp%2Fv2%2Fcomments&post=25525"}],"version-history":[{"count":1,"href":"https:\/\/podernacional.com\/index.php?rest_route=\/wp\/v2\/posts\/25525\/revisions"}],"predecessor-version":[{"id":25526,"href":"https:\/\/podernacional.com\/index.php?rest_route=\/wp\/v2\/posts\/25525\/revisions\/25526"}],"wp:featuredmedia":[{"embeddable":true,"href":"https:\/\/podernacional.com\/index.php?rest_route=\/wp\/v2\/media\/25527"}],"wp:attachment":[{"href":"https:\/\/podernacional.com\/index.php?rest_route=%2Fwp%2Fv2%2Fmedia&parent=25525"}],"wp:term":[{"taxonomy":"category","embeddable":true,"href":"https:\/\/podernacional.com\/index.php?rest_route=%2Fwp%2Fv2%2Fcategories&post=25525"},{"taxonomy":"post_tag","embeddable":true,"href":"https:\/\/podernacional.com\/index.php?rest_route=%2Fwp%2Fv2%2Ftags&post=25525"}],"curies":[{"name":"wp","href":"https:\/\/api.w.org\/{rel}","templated":true}]}}