{"id":25580,"date":"2024-11-26T12:08:19","date_gmt":"2024-11-26T17:08:19","guid":{"rendered":"https:\/\/podernacional.com\/?p=25580"},"modified":"2024-11-26T17:08:21","modified_gmt":"2024-11-26T17:08:21","slug":"rescatan-a-25-migrantes-privados-de-su-libertad-en-oaxaca","status":"publish","type":"post","link":"https:\/\/podernacional.com\/?p=25580","title":{"rendered":"Rescatan a 25 migrantes privados de su libertad en Oaxaca"},"content":{"rendered":"<p>\ud83d\udd38 Autoridades federales y estatales realizaron un operativo en un hotel ubicado en Juchit\u00e1n de Zaragoza<\/p>\n<p>#OAXACA | La Fiscal\u00eda de Oaxaca report\u00f3 del rescate de 25 migrantes, quienes se encontraban privados de su libertad en un hotel ubicado en Juchit\u00e1n de Zaragoza.<\/p>\n<p>Por medio de un comunicado, la autoridad estatal indic\u00f3 que esta acci\u00f3n es parte del despliegue operativo que se ha llevado a cabo en d\u00edas recientes en la regi\u00f3n del Istmo de Tehuantepec.<\/p>\n<p>Durante esta acci\u00f3n encabezada por la Vicefiscal\u00eda Regional del Istmo se logr\u00f3 recabar informaci\u00f3n sobre el posible secuestro de una persona, hecho que al ser indagado permiti\u00f3 ubicar y liberar a 25 personas migrantes de diferentes nacionalidades que se encontraban privadas de su libertad en el lugar conocido como \u2018Hotel del Tec\u2018 en Juchit\u00e1n de Zaragoza\u201d, se apunt\u00f3 en el bolet\u00edn de prensa.<\/p>\n<p>En dicha acci\u00f3n participaron elementos de la Agencia Estatal de Investigaciones, la Secretar\u00eda de la Defensa Nacional, Secretar\u00eda de Marina (Semar), Guardia Nacional y agentes de la Polic\u00eda Estatal.<\/p>\n<p>Despu\u00e9s del operativo, la Fiscal\u00eda de Oaxaca solicit\u00f3 el apoyo del Instituto Nacional de Migraci\u00f3n (INM) para coadyuvar en el resguardo y traslado de las personas migrantes para ser valoradas m\u00e9dicamente.<\/p>\n<p>La autoridad estatal destac\u00f3 que esta acci\u00f3n forma parte del despliegue operativo realizado en d\u00edas recientes en la regi\u00f3n del Istmo de Tehuantepec, que deriva en acciones estrat\u00e9gicas de inteligencia criminal realizados en zonas de alta prioridad debido a la incidencia delictiva.<\/p>\n<p>\u201cLo que ha permitido la detenci\u00f3n de objetivos prioritarios, as\u00ed como el rescate humanitario de 174 personas migrantes\u201d, destac\u00f3.<\/p>\n","protected":false},"excerpt":{"rendered":"<p>\ud83d\udd38 Autoridades federales y estatales realizaron un operativo en un hotel ubicado en Juchit\u00e1n de Zaragoza #OAXACA | La Fiscal\u00eda de Oaxaca report\u00f3 del rescate de 25 migrantes, quienes se encontraban privados de su libertad en un hotel ubicado en Juchit\u00e1n de Zaragoza. Por medio de un comunicado, la autoridad estatal indic\u00f3 que esta acci\u00f3n [&hellip;]<\/p>\n","protected":false},"author":1,"featured_media":25582,"comment_status":"open","ping_status":"closed","sticky":false,"template":"","format":"standard","meta":{"footnotes":""},"categories":[158],"tags":[],"class_list":["post-25580","post","type-post","status-publish","format-standard","has-post-thumbnail","hentry","category-oaxaca"],"_links":{"self":[{"href":"https:\/\/podernacional.com\/index.php?rest_route=\/wp\/v2\/posts\/25580","targetHints":{"allow":["GET"]}}],"collection":[{"href":"https:\/\/podernacional.com\/index.php?rest_route=\/wp\/v2\/posts"}],"about":[{"href":"https:\/\/podernacional.com\/index.php?rest_route=\/wp\/v2\/types\/post"}],"author":[{"embeddable":true,"href":"https:\/\/podernacional.com\/index.php?rest_route=\/wp\/v2\/users\/1"}],"replies":[{"embeddable":true,"href":"https:\/\/podernacional.com\/index.php?rest_route=%2Fwp%2Fv2%2Fcomments&post=25580"}],"version-history":[{"count":1,"href":"https:\/\/podernacional.com\/index.php?rest_route=\/wp\/v2\/posts\/25580\/revisions"}],"predecessor-version":[{"id":25581,"href":"https:\/\/podernacional.com\/index.php?rest_route=\/wp\/v2\/posts\/25580\/revisions\/25581"}],"wp:featuredmedia":[{"embeddable":true,"href":"https:\/\/podernacional.com\/index.php?rest_route=\/wp\/v2\/media\/25582"}],"wp:attachment":[{"href":"https:\/\/podernacional.com\/index.php?rest_route=%2Fwp%2Fv2%2Fmedia&parent=25580"}],"wp:term":[{"taxonomy":"category","embeddable":true,"href":"https:\/\/podernacional.com\/index.php?rest_route=%2Fwp%2Fv2%2Fcategories&post=25580"},{"taxonomy":"post_tag","embeddable":true,"href":"https:\/\/podernacional.com\/index.php?rest_route=%2Fwp%2Fv2%2Ftags&post=25580"}],"curies":[{"name":"wp","href":"https:\/\/api.w.org\/{rel}","templated":true}]}}