{"id":25606,"date":"2024-11-28T13:11:51","date_gmt":"2024-11-28T18:11:51","guid":{"rendered":"https:\/\/podernacional.com\/?p=25606"},"modified":"2024-11-28T18:11:53","modified_gmt":"2024-11-28T18:11:53","slug":"denuncian-a-falsa-oncologa-que-trataba-a-ninos-con-cancer-en-puebla","status":"publish","type":"post","link":"https:\/\/podernacional.com\/?p=25606","title":{"rendered":"Denuncian a falsa onc\u00f3loga que trataba a ni\u00f1os con c\u00e1ncer en Puebla"},"content":{"rendered":"<p>\ud83d\udd38 Durante m\u00e1s de seis a\u00f1os trabaj\u00f3 en la asociaci\u00f3n \u201cUna Nueva Esperanza\u201d en Puebla, dedicada a atender a ni\u00f1os con c\u00e1ncer, pese a que su c\u00e9dula profesional corresponde \u00fanicamente a m\u00e9dico cirujano<\/p>\n<p>#PUEBLA | Cada d\u00eda se dan a conocer m\u00e1s casos de m\u00e9dicos fraudulentos que ejercen sin tener las acreditaciones necesarias para ello. En esta ocasi\u00f3n, sali\u00f3 a luz la historia de Mar\u00eda del Carmen \u201cN\u201d, otra doctora falsa que asegura ser onc\u00f3loga pediatra y trabaja en la asociaci\u00f3n \u201cUna Nueva Esperanza\u201d de Puebla, que se dedica a la atenci\u00f3n de ni\u00f1os con c\u00e1ncer.<\/p>\n<p>De acuerdo con la informaci\u00f3n publicada por SaludFM, Mar\u00eda del Carmen \u201cN\u201d dice tener una especialidad en oncolog\u00eda, pero su c\u00e9dula profesional, obtenida en 2008, es de m\u00e9dico cirujano, por lo que no cuenta con los estudios necesarios para tratar a ni\u00f1os con c\u00e1ncer.<\/p>\n<p>Tambi\u00e9n se menciona que lleva m\u00e1s de 6 a\u00f1os trabajando en \u201cUna Nueva Esperanza\u201d, organizaci\u00f3n que le da atenci\u00f3n a familias que no tienen los recursos econ\u00f3micos para el tratamiento que necesitan los ni\u00f1os con c\u00e1ncer.<\/p>\n<p>Seg\u00fan las denuncias de algunos padres de familia, Mar\u00eda del Carmen \u201cN\u201d se porta grosera con las personas que acuden con la asociaci\u00f3n buscando apoyo; incluso se dice que tiene una mala actitud con los ni\u00f1os.<\/p>\n<p>Hasta el momento, la Fiscal\u00eda General del Estado de Puebla no ha comentado nada sobre este caso. Tampoco hay informaci\u00f3n sobre una denuncia formal presentada ante las autoridades.<\/p>\n","protected":false},"excerpt":{"rendered":"<p>\ud83d\udd38 Durante m\u00e1s de seis a\u00f1os trabaj\u00f3 en la asociaci\u00f3n \u201cUna Nueva Esperanza\u201d en Puebla, dedicada a atender a ni\u00f1os con c\u00e1ncer, pese a que su c\u00e9dula profesional corresponde \u00fanicamente a m\u00e9dico cirujano #PUEBLA | Cada d\u00eda se dan a conocer m\u00e1s casos de m\u00e9dicos fraudulentos que ejercen sin tener las acreditaciones necesarias para ello. [&hellip;]<\/p>\n","protected":false},"author":1,"featured_media":25608,"comment_status":"open","ping_status":"closed","sticky":false,"template":"","format":"standard","meta":{"footnotes":""},"categories":[149],"tags":[],"class_list":["post-25606","post","type-post","status-publish","format-standard","has-post-thumbnail","hentry","category-puebla"],"_links":{"self":[{"href":"https:\/\/podernacional.com\/index.php?rest_route=\/wp\/v2\/posts\/25606","targetHints":{"allow":["GET"]}}],"collection":[{"href":"https:\/\/podernacional.com\/index.php?rest_route=\/wp\/v2\/posts"}],"about":[{"href":"https:\/\/podernacional.com\/index.php?rest_route=\/wp\/v2\/types\/post"}],"author":[{"embeddable":true,"href":"https:\/\/podernacional.com\/index.php?rest_route=\/wp\/v2\/users\/1"}],"replies":[{"embeddable":true,"href":"https:\/\/podernacional.com\/index.php?rest_route=%2Fwp%2Fv2%2Fcomments&post=25606"}],"version-history":[{"count":1,"href":"https:\/\/podernacional.com\/index.php?rest_route=\/wp\/v2\/posts\/25606\/revisions"}],"predecessor-version":[{"id":25607,"href":"https:\/\/podernacional.com\/index.php?rest_route=\/wp\/v2\/posts\/25606\/revisions\/25607"}],"wp:featuredmedia":[{"embeddable":true,"href":"https:\/\/podernacional.com\/index.php?rest_route=\/wp\/v2\/media\/25608"}],"wp:attachment":[{"href":"https:\/\/podernacional.com\/index.php?rest_route=%2Fwp%2Fv2%2Fmedia&parent=25606"}],"wp:term":[{"taxonomy":"category","embeddable":true,"href":"https:\/\/podernacional.com\/index.php?rest_route=%2Fwp%2Fv2%2Fcategories&post=25606"},{"taxonomy":"post_tag","embeddable":true,"href":"https:\/\/podernacional.com\/index.php?rest_route=%2Fwp%2Fv2%2Ftags&post=25606"}],"curies":[{"name":"wp","href":"https:\/\/api.w.org\/{rel}","templated":true}]}}