{"id":25617,"date":"2024-11-29T12:07:12","date_gmt":"2024-11-29T17:07:12","guid":{"rendered":"https:\/\/podernacional.com\/?p=25617"},"modified":"2024-11-29T17:07:14","modified_gmt":"2024-11-29T17:07:14","slug":"consigue-fge-vinculacion-a-proceso-para-un-sujeto-por-tentativa-de-homicidio-en-agravio-de-un-menor-en-solidaridad","status":"publish","type":"post","link":"https:\/\/podernacional.com\/?p=25617","title":{"rendered":"Consigue FGE vinculaci\u00f3n a proceso para un sujeto por tentativa de homicidio en agravio de un menor en Solidaridad"},"content":{"rendered":"<p>\ud83d\udd38 La Fiscal\u00eda General del Estado informa que Francisco Javier \u201cN\u201d fue imputado por hechos ocurridos el 27 de octubre del presente a\u00f1o<\/p>\n<p>#QUINTANAROO | La Fiscal\u00eda General del Estado informa que, a trav\u00e9s de la Fiscal\u00eda Especializada en Combate al Delito de Homicidio, present\u00f3 datos de prueba y consigui\u00f3 de un Juez de Control la vinculaci\u00f3n a proceso en contra de Francisco Javier \u201cN\u201d por hechos posiblemente constitutivos del delito de homicidio calificado en grado de tentativa en agravio de una v\u00edctima menor de edad.<\/p>\n<p>En este sentido, el Fiscal General Raciel L\u00f3pez Salazar manifest\u00f3 que, quien ponga en riesgo la integridad y seguridad de las ni\u00f1as, ni\u00f1os, adolescentes o mujeres, ser\u00e1n llevados ante la justicia; \u201cnuestra postura es de cero tolerancia hacia delitos cometidos contra este sector de la poblaci\u00f3n. Actuaremos con firmeza para que no haya impunidad y se castigue a los responsables\u201d.<\/p>\n<p>Los sucesos por los que fue imputado Francisco Javier \u201cN\u201d ocurrieron el 27 de octubre del presente a\u00f1o en un domicilio ubicado en avenida Norte en la colonia Ejidal, del municipio de Solidaridad, lugar en donde golpe\u00f3 a la v\u00edctima en diversas partes de su cuerpo, y la hermana del afectado, una adolescente, al tratar de defenderlo, tambi\u00e9n result\u00f3 lesionada en el brazo.<\/p>\n<p>Derivado de este hecho, la Representaci\u00f3n Social inici\u00f3 una carpeta de investigaci\u00f3n en la que reuni\u00f3 los elementos necesarios que permitieron solicitar y obtener del \u00f3rgano jurisdiccional una orden de aprehensi\u00f3n en contra de Francisco Javier \u201cN\u201d, la cual fue cumplimentada por elementos de la Polic\u00eda de Investigaci\u00f3n.<\/p>\n<p>En la audiencia por cumplimiento del mandamiento judicial, este \u00f3rgano aut\u00f3nomo present\u00f3 los datos de prueba necesarios y tras un debate entre las partes, un Juez de Control dict\u00f3 auto de vinculaci\u00f3n a proceso por el delito de homicidio calificado en grado de tentativa; del mismo modo, le impuso la medida cautelar de prisi\u00f3n preventiva justificada por el tiempo que dure el proceso judicial.<\/p>\n","protected":false},"excerpt":{"rendered":"<p>\ud83d\udd38 La Fiscal\u00eda General del Estado informa que Francisco Javier \u201cN\u201d fue imputado por hechos ocurridos el 27 de octubre del presente a\u00f1o #QUINTANAROO | La Fiscal\u00eda General del Estado informa que, a trav\u00e9s de la Fiscal\u00eda Especializada en Combate al Delito de Homicidio, present\u00f3 datos de prueba y consigui\u00f3 de un Juez de Control [&hellip;]<\/p>\n","protected":false},"author":1,"featured_media":25619,"comment_status":"open","ping_status":"closed","sticky":false,"template":"","format":"standard","meta":{"footnotes":""},"categories":[10],"tags":[],"class_list":["post-25617","post","type-post","status-publish","format-standard","has-post-thumbnail","hentry","category-quintana-roo"],"_links":{"self":[{"href":"https:\/\/podernacional.com\/index.php?rest_route=\/wp\/v2\/posts\/25617","targetHints":{"allow":["GET"]}}],"collection":[{"href":"https:\/\/podernacional.com\/index.php?rest_route=\/wp\/v2\/posts"}],"about":[{"href":"https:\/\/podernacional.com\/index.php?rest_route=\/wp\/v2\/types\/post"}],"author":[{"embeddable":true,"href":"https:\/\/podernacional.com\/index.php?rest_route=\/wp\/v2\/users\/1"}],"replies":[{"embeddable":true,"href":"https:\/\/podernacional.com\/index.php?rest_route=%2Fwp%2Fv2%2Fcomments&post=25617"}],"version-history":[{"count":1,"href":"https:\/\/podernacional.com\/index.php?rest_route=\/wp\/v2\/posts\/25617\/revisions"}],"predecessor-version":[{"id":25618,"href":"https:\/\/podernacional.com\/index.php?rest_route=\/wp\/v2\/posts\/25617\/revisions\/25618"}],"wp:featuredmedia":[{"embeddable":true,"href":"https:\/\/podernacional.com\/index.php?rest_route=\/wp\/v2\/media\/25619"}],"wp:attachment":[{"href":"https:\/\/podernacional.com\/index.php?rest_route=%2Fwp%2Fv2%2Fmedia&parent=25617"}],"wp:term":[{"taxonomy":"category","embeddable":true,"href":"https:\/\/podernacional.com\/index.php?rest_route=%2Fwp%2Fv2%2Fcategories&post=25617"},{"taxonomy":"post_tag","embeddable":true,"href":"https:\/\/podernacional.com\/index.php?rest_route=%2Fwp%2Fv2%2Ftags&post=25617"}],"curies":[{"name":"wp","href":"https:\/\/api.w.org\/{rel}","templated":true}]}}