{"id":2562,"date":"2021-03-18T18:33:46","date_gmt":"2021-03-18T18:33:46","guid":{"rendered":"https:\/\/whatsappcancun.com\/?p=2562"},"modified":"2021-03-18T18:33:46","modified_gmt":"2021-03-18T18:33:46","slug":"amlo-enviara-nuevas-pruebas-contra-juez-que-freno-reforma-electrica","status":"publish","type":"post","link":"https:\/\/podernacional.com\/?p=2562","title":{"rendered":"AMLO enviar\u00e1 \u2018nuevas pruebas\u2019 contra juez que fren\u00f3 reforma el\u00e9ctrica"},"content":{"rendered":"<p data-count=\"291\" data-wrap=\"45\">El presidente Andr\u00e9s Manuel L\u00f3pez Obrador se\u00f1al\u00f3 que enviar\u00e1 m\u00e1s m\u00e1s pruebas al al Consejo de la Judicatura Federal (CJF) contra el juez que concedi\u00f3 el amparo y las suspensiones provisionales contra la reforma a la Ley de la Industria El\u00e9ctrica.<\/p>\n<p>L\u00f3pez Obrador asegur\u00f3 que 10 d\u00edas antes de que el juez\u00a0<strong>Juan Pablo G\u00f3mez Fierro<\/strong>\u00a0concediera la suspensi\u00f3n de la reforma que \u00e9l promovi\u00f3, \u201clos magistrados le hab\u00edan corregido la plana\u201d sobre un tema similar, donde le \u201cobservaron que\u00a0<strong>no pod\u00eda conceder una suspensi\u00f3n a quien no lo solicitaba<\/strong>, que solamente aplicaba al que solicitaba la suspensi\u00f3n. Entonces es interesante porque lo que hizo este juez fue generalizar su fallo, hacerlo extensivo\u201d, coment\u00f3.<\/p>\n<p>Por otra parte, el mandatario mexicano se\u00f1al\u00f3 que existe \u201cuna iniciativa que contiene la legislaci\u00f3n secundaria para reformar al\u00a0<strong>Poder Judicial<\/strong>, que incluye esquemas de sanciones por nepotismo, acoso sexual y corrupci\u00f3n\u201d.<\/p>\n","protected":false},"excerpt":{"rendered":"<p>El presidente Andr\u00e9s Manuel L\u00f3pez Obrador se\u00f1al\u00f3 que enviar\u00e1 m\u00e1s m\u00e1s pruebas al al Consejo de la Judicatura Federal (CJF) contra el juez que concedi\u00f3 el amparo y las suspensiones provisionales contra la reforma a la Ley de la Industria El\u00e9ctrica. L\u00f3pez Obrador asegur\u00f3 que 10 d\u00edas antes de que el juez\u00a0Juan Pablo G\u00f3mez Fierro\u00a0concediera [&hellip;]<\/p>\n","protected":false},"author":1,"featured_media":2563,"comment_status":"open","ping_status":"open","sticky":false,"template":"","format":"standard","meta":{"footnotes":""},"categories":[7],"tags":[],"class_list":["post-2562","post","type-post","status-publish","format-standard","has-post-thumbnail","hentry","category-nacional"],"_links":{"self":[{"href":"https:\/\/podernacional.com\/index.php?rest_route=\/wp\/v2\/posts\/2562","targetHints":{"allow":["GET"]}}],"collection":[{"href":"https:\/\/podernacional.com\/index.php?rest_route=\/wp\/v2\/posts"}],"about":[{"href":"https:\/\/podernacional.com\/index.php?rest_route=\/wp\/v2\/types\/post"}],"author":[{"embeddable":true,"href":"https:\/\/podernacional.com\/index.php?rest_route=\/wp\/v2\/users\/1"}],"replies":[{"embeddable":true,"href":"https:\/\/podernacional.com\/index.php?rest_route=%2Fwp%2Fv2%2Fcomments&post=2562"}],"version-history":[{"count":0,"href":"https:\/\/podernacional.com\/index.php?rest_route=\/wp\/v2\/posts\/2562\/revisions"}],"wp:featuredmedia":[{"embeddable":true,"href":"https:\/\/podernacional.com\/index.php?rest_route=\/wp\/v2\/media\/2563"}],"wp:attachment":[{"href":"https:\/\/podernacional.com\/index.php?rest_route=%2Fwp%2Fv2%2Fmedia&parent=2562"}],"wp:term":[{"taxonomy":"category","embeddable":true,"href":"https:\/\/podernacional.com\/index.php?rest_route=%2Fwp%2Fv2%2Fcategories&post=2562"},{"taxonomy":"post_tag","embeddable":true,"href":"https:\/\/podernacional.com\/index.php?rest_route=%2Fwp%2Fv2%2Ftags&post=2562"}],"curies":[{"name":"wp","href":"https:\/\/api.w.org\/{rel}","templated":true}]}}