{"id":2571,"date":"2021-03-18T19:17:07","date_gmt":"2021-03-18T19:17:07","guid":{"rendered":"https:\/\/whatsappcancun.com\/?p=2571"},"modified":"2021-03-18T19:17:07","modified_gmt":"2021-03-18T19:17:07","slug":"marvel-vs-dc-por-el-mejor-estreno-con-justice-league-y-the-falcon-and-the-winter-soldier","status":"publish","type":"post","link":"https:\/\/podernacional.com\/?p=2571","title":{"rendered":"Marvel vs DC por el mejor estreno con \u201cJustice League\u201d y \u201cThe Falcon and the Winter Soldier\u201d"},"content":{"rendered":"<p>Los gigantes de la industria del c\u00f3mic,\u00a0<strong>Marvel<\/strong>\u00a0y\u00a0<strong>DC<\/strong>\u00a0se disputar\u00e1n por el mejor estreno con sus m\u00e1s esperadas producciones.<\/p>\n<div id=\"horas-68b387297b16b1d6463e8c46f49dee3b\" class=\"horas-68b387297b16b1d6463e8c46f49dee3b horas-content_2\"><\/div>\n<p>A trav\u00e9s de\u00a0\u00a0<strong>HBO Max<\/strong>, llegar\u00e1 la pel\u00edcula \u201c<strong>Justice League<\/strong>\u201d de\u00a0<strong>Snyder Cut<\/strong>, mientras que por\u00a0<strong>DisneyPlus<\/strong>\u00a0se podr\u00e1 disfrutar de \u201c<strong>The Falcon and the Winter Soldier<\/strong>\u201c.<\/p>\n<h3><strong>\u201cTHE FALCON AND THE WINTER SOLDIER\u201d<\/strong><\/h3>\n<p>Tras el \u00e9xito de \u201c<strong>WandaVision\u201d<\/strong>, la nueva serie original de Marvel espera mantener al d\u00eda a sus seguidores con una historia que complementa lo que se vio en las pel\u00edculas de \u201cAvengers\u201d.<\/p>\n<div id=\"horas-760d6f68636e7f984282fdc224329e20\" class=\"horas-760d6f68636e7f984282fdc224329e20 horas-content\"><\/div>\n<p>Adem\u00e1s, esta producci\u00f3n de Disney ser\u00e1 protagonizada por Anthony Mackie y Sebastian Stan (Falcon y el Soldado de Invierno respectivamente), quienes confirmaron que la serie mantendr\u00e1 la historia de los filmes basados en los c\u00f3mics.<\/p>\n<p>En M\u00e9xico, \u201c\u2018The Falcon and the Winter Soldier\u201d llegar\u00e1 el pr\u00f3ximo viernes 18 de marzo a trav\u00e9s de Disney+, pero el tr\u00e1iler ya est\u00e1 disponible para su visualizaci\u00f3n.<br \/>\n<iframe loading=\"lazy\" src=\"https:\/\/www.youtube.com\/embed\/lrDhUh40P7I\" width=\"560\" height=\"315\" frameborder=\"0\" allowfullscreen=\"allowfullscreen\" data-mce-fragment=\"1\"><\/iframe><\/p>\n<h3>\u201c<strong>JUSTICE LEAGUE<\/strong>\u201c<\/h3>\n<p>Por su parte, la nueva producci\u00f3n inspirada en el mundo de DC, \u201cJustice League\u201d de \u00a0<strong>Snyder Cut<\/strong>\u00a0llegar\u00e1 este 18 de marzo a trav\u00e9s de distintas plataformas despu\u00e9s de que se estrenara originalmente en 2017 bajo la direcci\u00f3n de Joss Whedon.<\/p>\n<p>El nuevo filme exclusivo de HBO Max distribuyo los derechos a distintas tiendas digitales para que los seguidores de de todo el mundo puedan disfrutar su estreno.<\/p>\n<p>En M\u00e9xico se podr\u00e1 disfrutar a partir de las 1:01 AM por un precio de aproximadamente \u00a0299 pesos.<\/p>\n<p><strong>\u00bfCuales son estas tiendas digitales?<\/strong><\/p>\n<ul>\n<li>Cin\u00e9polis Klic<\/li>\n<li>Tienda Prime Video<\/li>\n<li>Apple TV<\/li>\n<li>Google Play<\/li>\n<li>Microsoft Store<\/li>\n<li>Izzi<\/li>\n<li>Clarovideo<\/li>\n<li>TotalPlay<\/li>\n<li>Megacable<\/li>\n<\/ul>\n<p>\u201cJustice League\u201d de Synder Cut durar\u00e1 aproximadamente cuatro horas y dos minutos en contraste con la versi\u00f3n anterior que solamente dur\u00f3 dos horas. Adem\u00e1s, el filme contar\u00e1 con im\u00e1genes que aparecieron en la primera versi\u00f3n.<\/p>\n<p><iframe loading=\"lazy\" src=\"https:\/\/www.youtube.com\/embed\/vM-Bja2Gy04\" width=\"560\" height=\"315\" frameborder=\"0\" allowfullscreen=\"allowfullscreen\" data-mce-fragment=\"1\"><\/iframe><\/p>\n<p>Desde hace al menos 15 a\u00f1os. ambos universos de superh\u00e9roes han alimentado su enemistad, pues casualidad o no han sacado personajes con caracter\u00edsticas parecidas o producciones al mismo tiempo.<\/p>\n<p>Este fin de semana se conocer\u00e1 quien ganar\u00e1 la disputa por la mejor producci\u00f3n, pero esto depender\u00e1 del \u00e9xito que tengan durante los siguientes d\u00edas.<\/p>\n","protected":false},"excerpt":{"rendered":"<p>Los gigantes de la industria del c\u00f3mic,\u00a0Marvel\u00a0y\u00a0DC\u00a0se disputar\u00e1n por el mejor estreno con sus m\u00e1s esperadas producciones. A trav\u00e9s de\u00a0\u00a0HBO Max, llegar\u00e1 la pel\u00edcula \u201cJustice League\u201d de\u00a0Snyder Cut, mientras que por\u00a0DisneyPlus\u00a0se podr\u00e1 disfrutar de \u201cThe Falcon and the Winter Soldier\u201c. \u201cTHE FALCON AND THE WINTER SOLDIER\u201d Tras el \u00e9xito de \u201cWandaVision\u201d, la nueva serie original [&hellip;]<\/p>\n","protected":false},"author":1,"featured_media":2572,"comment_status":"open","ping_status":"open","sticky":false,"template":"","format":"standard","meta":{"footnotes":""},"categories":[12],"tags":[],"class_list":["post-2571","post","type-post","status-publish","format-standard","has-post-thumbnail","hentry","category-sin-categoria"],"_links":{"self":[{"href":"https:\/\/podernacional.com\/index.php?rest_route=\/wp\/v2\/posts\/2571","targetHints":{"allow":["GET"]}}],"collection":[{"href":"https:\/\/podernacional.com\/index.php?rest_route=\/wp\/v2\/posts"}],"about":[{"href":"https:\/\/podernacional.com\/index.php?rest_route=\/wp\/v2\/types\/post"}],"author":[{"embeddable":true,"href":"https:\/\/podernacional.com\/index.php?rest_route=\/wp\/v2\/users\/1"}],"replies":[{"embeddable":true,"href":"https:\/\/podernacional.com\/index.php?rest_route=%2Fwp%2Fv2%2Fcomments&post=2571"}],"version-history":[{"count":0,"href":"https:\/\/podernacional.com\/index.php?rest_route=\/wp\/v2\/posts\/2571\/revisions"}],"wp:featuredmedia":[{"embeddable":true,"href":"https:\/\/podernacional.com\/index.php?rest_route=\/wp\/v2\/media\/2572"}],"wp:attachment":[{"href":"https:\/\/podernacional.com\/index.php?rest_route=%2Fwp%2Fv2%2Fmedia&parent=2571"}],"wp:term":[{"taxonomy":"category","embeddable":true,"href":"https:\/\/podernacional.com\/index.php?rest_route=%2Fwp%2Fv2%2Fcategories&post=2571"},{"taxonomy":"post_tag","embeddable":true,"href":"https:\/\/podernacional.com\/index.php?rest_route=%2Fwp%2Fv2%2Ftags&post=2571"}],"curies":[{"name":"wp","href":"https:\/\/api.w.org\/{rel}","templated":true}]}}