{"id":25732,"date":"2024-12-07T23:56:15","date_gmt":"2024-12-08T04:56:15","guid":{"rendered":"https:\/\/podernacional.com\/?p=25732"},"modified":"2024-12-08T04:56:27","modified_gmt":"2024-12-08T04:56:27","slug":"kenia-os-arma-una-fiesta-color-rosa-en-la-arena-vfg","status":"publish","type":"post","link":"https:\/\/podernacional.com\/?p=25732","title":{"rendered":"Kenia Os arma una fiesta color rosa en la Arena VFG"},"content":{"rendered":"<p>\ud83d\udd38 La originaria de Mazatl\u00e1n entreg\u00f3 un concierto lleno de potencia, emociones, euforia y color rosa como parte de su gira 2024 &#8216;Pink Aura Tour&#8217;.<\/p>\n<p>#ESPECT\u00c1CULOS | La cantante mexicana Kenia Os regres\u00f3 a Guadalajara para entregar un concierto lleno de potencia, emociones, euforia y color rosa como parte de su gira 2024 &#8216;Pink Aura Tour&#8217; con la que lleg\u00f3 ahora a la Arena VFG y la abarrot\u00f3.pues se trat\u00f3 de un sold out.<\/p>\n<p>Miles de &#8216;keninis&#8217; se dieron cita desde tempranas horas en el reciento no solo para comenzar la fiesta, sino para entregar un verdadero desfile de atuendos inspirados en la cantante originaria de Mazatl\u00e1n, y en donde por su puesto el color rosa predomin\u00f3, tambi\u00e9n las orejitas de conejo y las coronas.<\/p>\n<p>Como es costumbre para llegar a esta Arena VFG se vivi\u00f3 un caos, circulaci\u00f3n complicada y tr\u00e1fico intenso, sin embargo, todo esto se olvid\u00f3 una vez que ya instalados y ansiosos esperaban la llegada de Kenia en la tarima que lleg\u00f3 de manera puntual pasadas las 21:30 horas.<\/p>\n<p>Las luces se apagaron y dieron la primera llamada para comenzar con esta que se convirti\u00f3 en un autentica fiesta rosa. La joven cantante apareci\u00f3 mantada en una plataforma a unos 10 metros de altura y vestida con un conjunto plateado y botas altas, con una cabellera rubia deslumbr\u00f3 a todos los asistentes que comenzaron con el griter\u00edo y la euforia.<\/p>\n<p>Despu\u00e9s de entonar varios \u00e9xitos el cierre del espect\u00e1culo lleg\u00f3 con un derroche de energ\u00eda, con los temas m\u00e1s esperados: \u201cTortura\u201d, \u201cBobo\u201d, \u201cMamita Rica\u201d, \u201cKitty\u201d, \u201cMalas decisiones\u201d y \u201cLa OG\u201d. Kenia Os logr\u00f3 ofrecer a sus fans una noche inolvidable, donde la m\u00fasica, la emoci\u00f3n y el talento se fusionaron en una velada que quedar\u00e1 en la memoria de todos los asistentes a la Arena VFG.<\/p>\n","protected":false},"excerpt":{"rendered":"<p>\ud83d\udd38 La originaria de Mazatl\u00e1n entreg\u00f3 un concierto lleno de potencia, emociones, euforia y color rosa como parte de su gira 2024 &#8216;Pink Aura Tour&#8217;. #ESPECT\u00c1CULOS | La cantante mexicana Kenia Os regres\u00f3 a Guadalajara para entregar un concierto lleno de potencia, emociones, euforia y color rosa como parte de su gira 2024 &#8216;Pink Aura [&hellip;]<\/p>\n","protected":false},"author":1,"featured_media":25734,"comment_status":"open","ping_status":"closed","sticky":false,"template":"","format":"standard","meta":{"footnotes":""},"categories":[4],"tags":[],"class_list":["post-25732","post","type-post","status-publish","format-standard","has-post-thumbnail","hentry","category-espectaculos"],"_links":{"self":[{"href":"https:\/\/podernacional.com\/index.php?rest_route=\/wp\/v2\/posts\/25732","targetHints":{"allow":["GET"]}}],"collection":[{"href":"https:\/\/podernacional.com\/index.php?rest_route=\/wp\/v2\/posts"}],"about":[{"href":"https:\/\/podernacional.com\/index.php?rest_route=\/wp\/v2\/types\/post"}],"author":[{"embeddable":true,"href":"https:\/\/podernacional.com\/index.php?rest_route=\/wp\/v2\/users\/1"}],"replies":[{"embeddable":true,"href":"https:\/\/podernacional.com\/index.php?rest_route=%2Fwp%2Fv2%2Fcomments&post=25732"}],"version-history":[{"count":1,"href":"https:\/\/podernacional.com\/index.php?rest_route=\/wp\/v2\/posts\/25732\/revisions"}],"predecessor-version":[{"id":25733,"href":"https:\/\/podernacional.com\/index.php?rest_route=\/wp\/v2\/posts\/25732\/revisions\/25733"}],"wp:featuredmedia":[{"embeddable":true,"href":"https:\/\/podernacional.com\/index.php?rest_route=\/wp\/v2\/media\/25734"}],"wp:attachment":[{"href":"https:\/\/podernacional.com\/index.php?rest_route=%2Fwp%2Fv2%2Fmedia&parent=25732"}],"wp:term":[{"taxonomy":"category","embeddable":true,"href":"https:\/\/podernacional.com\/index.php?rest_route=%2Fwp%2Fv2%2Fcategories&post=25732"},{"taxonomy":"post_tag","embeddable":true,"href":"https:\/\/podernacional.com\/index.php?rest_route=%2Fwp%2Fv2%2Ftags&post=25732"}],"curies":[{"name":"wp","href":"https:\/\/api.w.org\/{rel}","templated":true}]}}