{"id":25801,"date":"2024-12-11T12:05:39","date_gmt":"2024-12-11T17:05:39","guid":{"rendered":"https:\/\/podernacional.com\/?p=25801"},"modified":"2024-12-11T17:05:40","modified_gmt":"2024-12-11T17:05:40","slug":"estiman-llegada-de-mas-100-mil-paisanos-a-michoacan-esta-epoca-decembrina","status":"publish","type":"post","link":"https:\/\/podernacional.com\/?p=25801","title":{"rendered":"Estiman llegada de m\u00e1s 100 mil paisanos a Michoac\u00e1n esta \u00e9poca decembrina"},"content":{"rendered":"<p>\ud83d\udd38 Se espera que en los 113 municipios haya connacionales que pasen las fiestas navide\u00f1as, que llegan principalmente v\u00eda a\u00e9rea.<\/p>\n<p>#MORELIA | Con motivo de las fiestas decembrinas, se espera que entre 100 mil y 150 mil migrantes arriben a Michoac\u00e1n por la temporada y estar con su familia, as\u00ed lo comparti\u00f3 la titular de la Secretar\u00eda del Migrante de Michoac\u00e1n (Semigrante), Andrea L\u00f3pez Contreras.<\/p>\n<p>En entrevista con medios de comunicaci\u00f3n, la funcionaria estatal coment\u00f3 que al ser pr\u00e1cticamente otro Michoac\u00e1n en los Estados Unidos de Am\u00e9rica, se espera que en los 113 municipios haya connacionales que pasen las fiestas navide\u00f1as, que llegan principalmente v\u00eda a\u00e9rea.<\/p>\n<p>Refiri\u00f3 que desde mediados de noviembre fue que comenzaron a llegar los migrantes michoacanos, y se espera que concluya esta movilidad hasta el mes de enero; periodo en el que generan una derrama econ\u00f3mica en sus localidades, aunque no comparti\u00f3 una cifra al respecto.<\/p>\n<p>Coment\u00f3 que por ello trabajan en coordinaci\u00f3n con el programa \u00abH\u00e9roes Paisanos\u00bb, del Instituto Nacional de Migraci\u00f3n, y en el que participan instituciones de seguridad, para implementar acciones para atender a los migrantes que regresan a Michoac\u00e1n y al pa\u00eds en estas fechas.<\/p>\n<p>Recalc\u00f3 que en caso de alguna irregularidad en el Aeropuerto Internacional de Morelia o por carretera, los paisanos pueden acercarse a la Semigrante para darles el acompa\u00f1amiento requerido.<\/p>\n","protected":false},"excerpt":{"rendered":"<p>\ud83d\udd38 Se espera que en los 113 municipios haya connacionales que pasen las fiestas navide\u00f1as, que llegan principalmente v\u00eda a\u00e9rea. #MORELIA | Con motivo de las fiestas decembrinas, se espera que entre 100 mil y 150 mil migrantes arriben a Michoac\u00e1n por la temporada y estar con su familia, as\u00ed lo comparti\u00f3 la titular de [&hellip;]<\/p>\n","protected":false},"author":1,"featured_media":25803,"comment_status":"open","ping_status":"closed","sticky":false,"template":"","format":"standard","meta":{"footnotes":""},"categories":[148],"tags":[],"class_list":["post-25801","post","type-post","status-publish","format-standard","has-post-thumbnail","hentry","category-michoacan"],"_links":{"self":[{"href":"https:\/\/podernacional.com\/index.php?rest_route=\/wp\/v2\/posts\/25801","targetHints":{"allow":["GET"]}}],"collection":[{"href":"https:\/\/podernacional.com\/index.php?rest_route=\/wp\/v2\/posts"}],"about":[{"href":"https:\/\/podernacional.com\/index.php?rest_route=\/wp\/v2\/types\/post"}],"author":[{"embeddable":true,"href":"https:\/\/podernacional.com\/index.php?rest_route=\/wp\/v2\/users\/1"}],"replies":[{"embeddable":true,"href":"https:\/\/podernacional.com\/index.php?rest_route=%2Fwp%2Fv2%2Fcomments&post=25801"}],"version-history":[{"count":1,"href":"https:\/\/podernacional.com\/index.php?rest_route=\/wp\/v2\/posts\/25801\/revisions"}],"predecessor-version":[{"id":25802,"href":"https:\/\/podernacional.com\/index.php?rest_route=\/wp\/v2\/posts\/25801\/revisions\/25802"}],"wp:featuredmedia":[{"embeddable":true,"href":"https:\/\/podernacional.com\/index.php?rest_route=\/wp\/v2\/media\/25803"}],"wp:attachment":[{"href":"https:\/\/podernacional.com\/index.php?rest_route=%2Fwp%2Fv2%2Fmedia&parent=25801"}],"wp:term":[{"taxonomy":"category","embeddable":true,"href":"https:\/\/podernacional.com\/index.php?rest_route=%2Fwp%2Fv2%2Fcategories&post=25801"},{"taxonomy":"post_tag","embeddable":true,"href":"https:\/\/podernacional.com\/index.php?rest_route=%2Fwp%2Fv2%2Ftags&post=25801"}],"curies":[{"name":"wp","href":"https:\/\/api.w.org\/{rel}","templated":true}]}}