{"id":25839,"date":"2024-12-13T13:37:27","date_gmt":"2024-12-13T18:37:27","guid":{"rendered":"https:\/\/podernacional.com\/?p=25839"},"modified":"2024-12-13T18:37:48","modified_gmt":"2024-12-13T18:37:48","slug":"red-bull-inscribe-a-checo-perez-para-la-temporada-2025-de-f1","status":"publish","type":"post","link":"https:\/\/podernacional.com\/?p=25839","title":{"rendered":"Red Bull inscribe a \u2018Checo\u2019 P\u00e9rez para la temporada 2025 de F1"},"content":{"rendered":"<p>\ud83d\udd38 El mexicano aparece en la lista de pilotos de la Federaci\u00f3n Internacional de Automovilismo<\/p>\n<p>#DEPORTES | La Federaci\u00f3n Internacional de Automovilismo (FIA) public\u00f3 este viernes la lista de pilotos registrados para la temporada 2025 de F\u00f3rmula Uno, en donde aparece el mexicano Sergio P\u00e9rez con Red Bull.<\/p>\n<p>Este listado cuenta con los nombres de 19 pilotos, a falta de confirmarse qui\u00e9n ocupar\u00e1 un asiento de Racing Bull.<\/p>\n<p>Pese a los rumores de su salida de Red Bull en las \u00faltimas semanas, Checo P\u00e9rez aparece registrado de momento.<\/p>\n<p>La lista es realizada con la informaci\u00f3n que proporcionan todas las escuder\u00edas de F\u00f3rmula Uno, que comenzar\u00e1 temporada en marzo del a\u00f1o que viene.<\/p>\n<p>Diversas fuentes detallaron la semana pasada a ESPN que Sergio P\u00e9rez dejar\u00eda Red Bull al final de la temporada 2024 de F\u00f3rmula 1.<\/p>\n<p>\u201cSeg\u00fan m\u00faltiples fuentes, Red Bull ha decidido dejar a P\u00e9rez despu\u00e9s del Gran Premio de Abu Dhabi del domingo\u201d, se\u00f1al\u00f3 la nota.<\/p>\n<p>Seg\u00fan la cadena, el mexicano tendr\u00eda reuniones esta semana con el jefe del equipo, Christian Horner, y el asesor de carreras de Red Bull, Helmut Marko, donde se detallar\u00edan los pasos a seguir.<\/p>\n<p>Hasta el momento, ni red Bull ni el piloto de Jalisco han dado a conocer si seguir\u00e1n con la relaci\u00f3n contractual para el siguiente a\u00f1o.<\/p>\n","protected":false},"excerpt":{"rendered":"<p>\ud83d\udd38 El mexicano aparece en la lista de pilotos de la Federaci\u00f3n Internacional de Automovilismo #DEPORTES | La Federaci\u00f3n Internacional de Automovilismo (FIA) public\u00f3 este viernes la lista de pilotos registrados para la temporada 2025 de F\u00f3rmula Uno, en donde aparece el mexicano Sergio P\u00e9rez con Red Bull. Este listado cuenta con los nombres de [&hellip;]<\/p>\n","protected":false},"author":1,"featured_media":25841,"comment_status":"open","ping_status":"closed","sticky":false,"template":"","format":"standard","meta":{"footnotes":""},"categories":[3],"tags":[],"class_list":["post-25839","post","type-post","status-publish","format-standard","has-post-thumbnail","hentry","category-deportes"],"_links":{"self":[{"href":"https:\/\/podernacional.com\/index.php?rest_route=\/wp\/v2\/posts\/25839","targetHints":{"allow":["GET"]}}],"collection":[{"href":"https:\/\/podernacional.com\/index.php?rest_route=\/wp\/v2\/posts"}],"about":[{"href":"https:\/\/podernacional.com\/index.php?rest_route=\/wp\/v2\/types\/post"}],"author":[{"embeddable":true,"href":"https:\/\/podernacional.com\/index.php?rest_route=\/wp\/v2\/users\/1"}],"replies":[{"embeddable":true,"href":"https:\/\/podernacional.com\/index.php?rest_route=%2Fwp%2Fv2%2Fcomments&post=25839"}],"version-history":[{"count":1,"href":"https:\/\/podernacional.com\/index.php?rest_route=\/wp\/v2\/posts\/25839\/revisions"}],"predecessor-version":[{"id":25840,"href":"https:\/\/podernacional.com\/index.php?rest_route=\/wp\/v2\/posts\/25839\/revisions\/25840"}],"wp:featuredmedia":[{"embeddable":true,"href":"https:\/\/podernacional.com\/index.php?rest_route=\/wp\/v2\/media\/25841"}],"wp:attachment":[{"href":"https:\/\/podernacional.com\/index.php?rest_route=%2Fwp%2Fv2%2Fmedia&parent=25839"}],"wp:term":[{"taxonomy":"category","embeddable":true,"href":"https:\/\/podernacional.com\/index.php?rest_route=%2Fwp%2Fv2%2Fcategories&post=25839"},{"taxonomy":"post_tag","embeddable":true,"href":"https:\/\/podernacional.com\/index.php?rest_route=%2Fwp%2Fv2%2Ftags&post=25839"}],"curies":[{"name":"wp","href":"https:\/\/api.w.org\/{rel}","templated":true}]}}