{"id":2585,"date":"2021-03-24T20:42:36","date_gmt":"2021-03-24T20:42:36","guid":{"rendered":"https:\/\/whatsappcancun.com\/?p=2585"},"modified":"2021-03-24T20:42:36","modified_gmt":"2021-03-24T20:42:36","slug":"se-alistan-para-el-festival-olimpico","status":"publish","type":"post","link":"https:\/\/podernacional.com\/?p=2585","title":{"rendered":"SE ALISTAN PARA EL FESTIVAL OL\u00cdMPICO"},"content":{"rendered":"<p>El Centro Estatal Deportivo de Alto Rendimiento (CEDAR) de Canc\u00fan, alberg\u00f3 a j\u00f3venes boxeadores y al equipo de entrenadores de la Zona Norte para llevar a cabo una evaluaci\u00f3n de los representantes de la entidad con miras a la pr\u00f3xima competencia convocada por la Federaci\u00f3n Mexicana de Boxeo (FMB).<\/p>\n<p>\u201cEste tipo de controles por disciplina deportiva, permite conocer las condiciones f\u00edsicas de los atletas y llevar a cabo los ajustes en sus entrenamientos\u201d, explica la Comisi\u00f3n para la Juventud y el Deporte de Quintana Roo (Cojudeq) en un comunicado.<\/p>\n<p>A\u00f1ade: Algunos atletas afinan detalles en su proceso para participar en el Festival Ol\u00edmpico de Boxeo que tiene entre sus objetivos conformar a los equipos juveniles en ambas ramas que representar\u00e1n a M\u00e9xico en el proceso selectivo, rumbo los primeros Juegos Panamericanos Juveniles 2021 en Cali, Colombia.<\/p>\n<p>En un principio, el evento se llevar\u00eda a cabo hacia finales del mes de marzo; sin embargo, se reprogram\u00f3 el festival box\u00edstico del 18 al 24 de abril en Oaxtepec, Morelos.<\/p>\n<p>Se trata de un evento dise\u00f1ado para realizarse en la modalidad \u201cburbuja\u201d para desarrollar fielmente todas las medidas sanitarias preventivas para evitar el Covid-19.<\/p>\n","protected":false},"excerpt":{"rendered":"<p>El Centro Estatal Deportivo de Alto Rendimiento (CEDAR) de Canc\u00fan, alberg\u00f3 a j\u00f3venes boxeadores y al equipo de entrenadores de la Zona Norte para llevar a cabo una evaluaci\u00f3n de los representantes de la entidad con miras a la pr\u00f3xima competencia convocada por la Federaci\u00f3n Mexicana de Boxeo (FMB). \u201cEste tipo de controles por disciplina [&hellip;]<\/p>\n","protected":false},"author":1,"featured_media":2586,"comment_status":"open","ping_status":"open","sticky":false,"template":"","format":"standard","meta":{"footnotes":""},"categories":[3],"tags":[],"class_list":["post-2585","post","type-post","status-publish","format-standard","has-post-thumbnail","hentry","category-deportes"],"_links":{"self":[{"href":"https:\/\/podernacional.com\/index.php?rest_route=\/wp\/v2\/posts\/2585","targetHints":{"allow":["GET"]}}],"collection":[{"href":"https:\/\/podernacional.com\/index.php?rest_route=\/wp\/v2\/posts"}],"about":[{"href":"https:\/\/podernacional.com\/index.php?rest_route=\/wp\/v2\/types\/post"}],"author":[{"embeddable":true,"href":"https:\/\/podernacional.com\/index.php?rest_route=\/wp\/v2\/users\/1"}],"replies":[{"embeddable":true,"href":"https:\/\/podernacional.com\/index.php?rest_route=%2Fwp%2Fv2%2Fcomments&post=2585"}],"version-history":[{"count":0,"href":"https:\/\/podernacional.com\/index.php?rest_route=\/wp\/v2\/posts\/2585\/revisions"}],"wp:featuredmedia":[{"embeddable":true,"href":"https:\/\/podernacional.com\/index.php?rest_route=\/wp\/v2\/media\/2586"}],"wp:attachment":[{"href":"https:\/\/podernacional.com\/index.php?rest_route=%2Fwp%2Fv2%2Fmedia&parent=2585"}],"wp:term":[{"taxonomy":"category","embeddable":true,"href":"https:\/\/podernacional.com\/index.php?rest_route=%2Fwp%2Fv2%2Fcategories&post=2585"},{"taxonomy":"post_tag","embeddable":true,"href":"https:\/\/podernacional.com\/index.php?rest_route=%2Fwp%2Fv2%2Ftags&post=2585"}],"curies":[{"name":"wp","href":"https:\/\/api.w.org\/{rel}","templated":true}]}}