{"id":2588,"date":"2021-03-24T20:52:40","date_gmt":"2021-03-24T20:52:40","guid":{"rendered":"https:\/\/whatsappcancun.com\/?p=2588"},"modified":"2021-03-24T20:52:40","modified_gmt":"2021-03-24T20:52:40","slug":"joe-biden-envio-sus-condolencias-a-las-victimas-del-tiroteo-en-colorado-y-urgio-al-congreso-a-endurecer-las-leyes-para-el-control-de-armas","status":"publish","type":"post","link":"https:\/\/podernacional.com\/?p=2588","title":{"rendered":"JOE BIDEN ENVI\u00d3 SUS CONDOLENCIAS A LAS V\u00cdCTIMAS DEL TIROTEO EN COLORADO Y URGI\u00d3 AL CONGRESO A ENDURECER LAS LEYES PARA EL CONTROL DE ARMAS"},"content":{"rendered":"<h2>\u201cSon medidas de sentido com\u00fan\u201d, expres\u00f3 el mandatario en una declaraci\u00f3n. En concreto, pidi\u00f3 la expansi\u00f3n de los chequeos de antecedentes a quienes quieran adquirir armamento y la prohibici\u00f3n de los rifles de asalto y los cargadores ampliados para civiles<\/h2>\n<p>El presidente de los Estados Unidos,<strong>\u00a0Joe Biden, llam\u00f3 este martes al Congreso a que endurezca las leyes para el control de armas tras el tiroteo que tuvo lugar el lunes en Colorado y dej\u00f3 un saldo de 10 muertos<\/strong>.<\/p>\n<p>\u201cEstamos esperando m\u00e1s informaci\u00f3n sobre el tirador y las armas que us\u00f3, pero no necesitamos esperar otro minuto para tomar medidas de sentido com\u00fan y salvar vidas en el futuro.\u00a0<strong>Por eso urjo a mis colegas en el Senado y la C\u00e1mara de representantes para que act\u00faen<\/strong>\u201d, expres\u00f3 el mandatario en una declaraci\u00f3n p\u00fablica.<\/p>\n<p>En concreto, pidi\u00f3\u00a0<strong>la expansi\u00f3n de chequeos de antecedentes a quienes quieran adquirir armamento y la prohibici\u00f3n de los rifles de asalto y los cargadores ampliados para civiles<\/strong>.<\/p>\n<p>En otro pasaje de su mensaje, Biden tambi\u00e9n agradeci\u00f3 a los agentes de polic\u00eda y fuerzas de seguridad que respondieron al hecho, y reconoci\u00f3 en particular a<strong>\u00a0Eric Talley<\/strong>, el oficial que muri\u00f3 en el hecho. \u201cEnv\u00edo mis m\u00e1s profundas condolencias a su familia. No dud\u00f3 en actuar e hizo el sacrificio m\u00e1s grande en su esfuerzo para salvar vidas. Es la definici\u00f3n de un h\u00e9roe estadounidense\u201d, expres\u00f3.<img loading=\"lazy\" decoding=\"async\" src=\"https:\/\/www.infobae.com\/new-resizer\/EWt7VgF_J5dl0drbIINXBtFo15s=\/420x280\/filters:format(jpg):quality(85)\/cloudfront-us-east-1.images.arcpublishing.com\/infobae\/HKEZUMKMUVVSYQK5G3EHMOST6Y.jpg\" srcset=\"https:\/\/www.infobae.com\/new-resizer\/EWt7VgF_J5dl0drbIINXBtFo15s=\/420x280\/filters:format(jpg):quality(85)\/cloudfront-us-east-1.images.arcpublishing.com\/infobae\/HKEZUMKMUVVSYQK5G3EHMOST6Y.jpg 420w,https:\/\/www.infobae.com\/new-resizer\/D80Udzwl4JcHp0FA3MFEQ4jZ6pc=\/768x512\/filters:format(jpg):quality(85)\/cloudfront-us-east-1.images.arcpublishing.com\/infobae\/HKEZUMKMUVVSYQK5G3EHMOST6Y.jpg 768w,https:\/\/www.infobae.com\/new-resizer\/R-Pu-M5NnyYZiq2v2AaW-EsC_sM=\/992x661\/filters:format(jpg):quality(85)\/cloudfront-us-east-1.images.arcpublishing.com\/infobae\/HKEZUMKMUVVSYQK5G3EHMOST6Y.jpg 992w,https:\/\/www.infobae.com\/new-resizer\/xEuzbvvJKFIDei0w5LhSHI8SYy8=\/1200x800\/filters:format(jpg):quality(85)\/cloudfront-us-east-1.images.arcpublishing.com\/infobae\/HKEZUMKMUVVSYQK5G3EHMOST6Y.jpg 1200w\" alt=\"El oficial Eric Talley muri\u00f3 en el tiroteo del supermercado de Denver. \" width=\"2200\" height=\"1466\" \/>El oficial Eric Talley muri\u00f3 en el tiroteo del supermercado de Denver.<\/p>\n<p>Talley fue el primer agente en la escena del tiroteo, dijo el lunes la jefa de polic\u00eda de Boulder, Maris Herold, y elogi\u00f3 su intervenci\u00f3n como \u201cheroica\u201d mientras conten\u00eda las l\u00e1grimas. \u201c<strong>Lamento mucho la p\u00e9rdida del oficial Talley<\/strong>\u201d, dijo.<\/p>\n<p>Talley, de 51 a\u00f1os, se hab\u00eda unido a la polic\u00eda hace poco m\u00e1s de una d\u00e9cada.\u00a0<strong>El agente naci\u00f3 en Houston, pero pas\u00f3 la mayor parte de su vida en Nuevo M\u00e9xico antes de mudarse a Colorado, donde vivi\u00f3 en los \u00faltimos a\u00f1os.<\/strong>\u00a0Estaba casado y ten\u00eda siete hijos.<\/p>\n<p>Biden indic\u00f3 que no \u201cespecular\u00e1 sobre la raz\u00f3n del tiroteo\u201d y se pronunciar\u00e1 \u201cuna vez que tenga toda la informaci\u00f3n\u201d.\u00a0<strong>Poco antes de que hablara, el tirador fue identificado como Ahmad Al Aliwi Alissa, de 21 a\u00f1os<\/strong>.<\/p>\n<p>Las autoridades indicaron que el sujeto, residente de la localidad de Arvada, fue detenido a las 15.28 (hora local), 48 minutos despu\u00e9s de que la polic\u00eda llegara al lugar tras los llamados de emergencia.<img loading=\"lazy\" decoding=\"async\" src=\"https:\/\/www.infobae.com\/new-resizer\/tfxSHKvmOqUGRxauaXTax1Up2HY=\/420x280\/filters:format(jpg):quality(85)\/cloudfront-us-east-1.images.arcpublishing.com\/infobae\/ULVRYMTZP25255KHDAY5AMY5I4.jpg\" srcset=\"https:\/\/www.infobae.com\/new-resizer\/tfxSHKvmOqUGRxauaXTax1Up2HY=\/420x280\/filters:format(jpg):quality(85)\/cloudfront-us-east-1.images.arcpublishing.com\/infobae\/ULVRYMTZP25255KHDAY5AMY5I4.jpg 420w,https:\/\/www.infobae.com\/new-resizer\/T3GZlNH7dDPRoySD2w2jaZe5_8E=\/768x512\/filters:format(jpg):quality(85)\/cloudfront-us-east-1.images.arcpublishing.com\/infobae\/ULVRYMTZP25255KHDAY5AMY5I4.jpg 768w,https:\/\/www.infobae.com\/new-resizer\/nUVfYyK6K7xBRRCzFnULv1yuz3w=\/992x661\/filters:format(jpg):quality(85)\/cloudfront-us-east-1.images.arcpublishing.com\/infobae\/ULVRYMTZP25255KHDAY5AMY5I4.jpg 992w,https:\/\/www.infobae.com\/new-resizer\/XxdLQ5ihOhHasqVdq9uCVhw4afo=\/1200x800\/filters:format(jpg):quality(85)\/cloudfront-us-east-1.images.arcpublishing.com\/infobae\/ULVRYMTZP25255KHDAY5AMY5I4.jpg 1200w\" alt=\"La primera foto del tirador, Ahmad Al Aliwi Alissa.\" width=\"662\" height=\"442\" \/><\/p>\n<p>La primera foto del tirador, Ahmad Al Aliwi Alissa.<\/p>\n<p>Al igual que Biden, la polic\u00eda<strong>\u00a0indic\u00f3 que ser\u00eda \u201cprematuro\u201d divulgar hip\u00f3tesis sobre el m\u00f3vil del ataque, mientras contin\u00faan las investigaciones.<\/strong>\u00a0Por ahora, la pesquisa sostiene que ser\u00eda el \u00fanico autor de la masacre.<\/p>\n<p>El acusado permanece en el hospital, recuper\u00e1ndose de sus heridas por un disparo en la pierna en condici\u00f3n estable, y\u00a0<strong>cuando sea dado de alta, posiblemente este martes, ser\u00e1 transferido a prisi\u00f3n<\/strong>.<\/p>\n<p>Tras m\u00e1s de un a\u00f1o -que ha coincidido con el de la pandemia- sin grandes tiroteos en Estados Unidos, el de Boulder<strong>\u00a0es el segundo en apenas seis d\u00edas tras los ataques a locales de masajes -en los que trabajaban mayormente mujeres de origen asi\u00e1tico- de la semana pasada en Atlanta, que dejaron ocho muertos y que fueron ampliamente cubiertos por los medios<\/strong>.<\/p>\n<p>El de Boulder se convirti\u00f3 en el mayor tiroteo masivo en Estados Unidos desde agosto de 2019, cuando un hombre armado mat\u00f3 a 23 personas en un Walmart en El Paso (Texas).<\/p>\n","protected":false},"excerpt":{"rendered":"<p>\u201cSon medidas de sentido com\u00fan\u201d, expres\u00f3 el mandatario en una declaraci\u00f3n. En concreto, pidi\u00f3 la expansi\u00f3n de los chequeos de antecedentes a quienes quieran adquirir armamento y la prohibici\u00f3n de los rifles de asalto y los cargadores ampliados para civiles El presidente de los Estados Unidos,\u00a0Joe Biden, llam\u00f3 este martes al Congreso a que endurezca [&hellip;]<\/p>\n","protected":false},"author":1,"featured_media":2589,"comment_status":"open","ping_status":"open","sticky":false,"template":"","format":"standard","meta":{"footnotes":""},"categories":[5],"tags":[],"class_list":["post-2588","post","type-post","status-publish","format-standard","has-post-thumbnail","hentry","category-internacional"],"_links":{"self":[{"href":"https:\/\/podernacional.com\/index.php?rest_route=\/wp\/v2\/posts\/2588","targetHints":{"allow":["GET"]}}],"collection":[{"href":"https:\/\/podernacional.com\/index.php?rest_route=\/wp\/v2\/posts"}],"about":[{"href":"https:\/\/podernacional.com\/index.php?rest_route=\/wp\/v2\/types\/post"}],"author":[{"embeddable":true,"href":"https:\/\/podernacional.com\/index.php?rest_route=\/wp\/v2\/users\/1"}],"replies":[{"embeddable":true,"href":"https:\/\/podernacional.com\/index.php?rest_route=%2Fwp%2Fv2%2Fcomments&post=2588"}],"version-history":[{"count":0,"href":"https:\/\/podernacional.com\/index.php?rest_route=\/wp\/v2\/posts\/2588\/revisions"}],"wp:featuredmedia":[{"embeddable":true,"href":"https:\/\/podernacional.com\/index.php?rest_route=\/wp\/v2\/media\/2589"}],"wp:attachment":[{"href":"https:\/\/podernacional.com\/index.php?rest_route=%2Fwp%2Fv2%2Fmedia&parent=2588"}],"wp:term":[{"taxonomy":"category","embeddable":true,"href":"https:\/\/podernacional.com\/index.php?rest_route=%2Fwp%2Fv2%2Fcategories&post=2588"},{"taxonomy":"post_tag","embeddable":true,"href":"https:\/\/podernacional.com\/index.php?rest_route=%2Fwp%2Fv2%2Ftags&post=2588"}],"curies":[{"name":"wp","href":"https:\/\/api.w.org\/{rel}","templated":true}]}}