{"id":25888,"date":"2024-12-18T11:45:27","date_gmt":"2024-12-18T16:45:27","guid":{"rendered":"https:\/\/podernacional.com\/?p=25888"},"modified":"2024-12-18T16:45:29","modified_gmt":"2024-12-18T16:45:29","slug":"pepe-chedraui-inaugura-nuevo-desayunador-escolar-en-la-primaria-emiliano-zapata","status":"publish","type":"post","link":"https:\/\/podernacional.com\/?p=25888","title":{"rendered":"Pepe Chedraui inaugura nuevo desayunador escolar en la Primaria Emiliano Zapata"},"content":{"rendered":"<p>\ud83d\udd38 El presidente municipal de Puebla destaca el esfuerzo conjunto con el DIF para mejorar la alimentaci\u00f3n y el bienestar de la ni\u00f1ez poblana<\/p>\n<p>#PUEBLA | Pepe Chedraui, presidente municipal de Puebla, en conjunto con el DIF Puebla Capital, inaugur\u00f3 un nuevo desayunador escolar en la Primaria Federal Emiliano Zapata, en la comunidad de San Baltazar Resurrecci\u00f3n.<\/p>\n<p>Esta iniciativa busca garantizar un mejor acceso a la alimentaci\u00f3n para los ni\u00f1os de la zona, en un espacio digno, seguro y funcional.<\/p>\n<p>Chedraui expres\u00f3 su reconocimiento a Mar\u00eda Elise y a todo el equipo del DIF de la capital, destacando el trabajo conjunto entre las instituciones para fomentar el bienestar de la ni\u00f1ez poblana.<\/p>\n<p>\u00abCon la participaci\u00f3n de todos, estamos construyendo una mejor Puebla\u00bb, afirm\u00f3, reafirmando su compromiso con la mejora continua de la calidad de vida de las familias y ni\u00f1os de la ciudad.<\/p>\n","protected":false},"excerpt":{"rendered":"<p>\ud83d\udd38 El presidente municipal de Puebla destaca el esfuerzo conjunto con el DIF para mejorar la alimentaci\u00f3n y el bienestar de la ni\u00f1ez poblana #PUEBLA | Pepe Chedraui, presidente municipal de Puebla, en conjunto con el DIF Puebla Capital, inaugur\u00f3 un nuevo desayunador escolar en la Primaria Federal Emiliano Zapata, en la comunidad de San [&hellip;]<\/p>\n","protected":false},"author":1,"featured_media":25890,"comment_status":"open","ping_status":"closed","sticky":false,"template":"","format":"standard","meta":{"footnotes":""},"categories":[149],"tags":[],"class_list":["post-25888","post","type-post","status-publish","format-standard","has-post-thumbnail","hentry","category-puebla"],"_links":{"self":[{"href":"https:\/\/podernacional.com\/index.php?rest_route=\/wp\/v2\/posts\/25888","targetHints":{"allow":["GET"]}}],"collection":[{"href":"https:\/\/podernacional.com\/index.php?rest_route=\/wp\/v2\/posts"}],"about":[{"href":"https:\/\/podernacional.com\/index.php?rest_route=\/wp\/v2\/types\/post"}],"author":[{"embeddable":true,"href":"https:\/\/podernacional.com\/index.php?rest_route=\/wp\/v2\/users\/1"}],"replies":[{"embeddable":true,"href":"https:\/\/podernacional.com\/index.php?rest_route=%2Fwp%2Fv2%2Fcomments&post=25888"}],"version-history":[{"count":1,"href":"https:\/\/podernacional.com\/index.php?rest_route=\/wp\/v2\/posts\/25888\/revisions"}],"predecessor-version":[{"id":25889,"href":"https:\/\/podernacional.com\/index.php?rest_route=\/wp\/v2\/posts\/25888\/revisions\/25889"}],"wp:featuredmedia":[{"embeddable":true,"href":"https:\/\/podernacional.com\/index.php?rest_route=\/wp\/v2\/media\/25890"}],"wp:attachment":[{"href":"https:\/\/podernacional.com\/index.php?rest_route=%2Fwp%2Fv2%2Fmedia&parent=25888"}],"wp:term":[{"taxonomy":"category","embeddable":true,"href":"https:\/\/podernacional.com\/index.php?rest_route=%2Fwp%2Fv2%2Fcategories&post=25888"},{"taxonomy":"post_tag","embeddable":true,"href":"https:\/\/podernacional.com\/index.php?rest_route=%2Fwp%2Fv2%2Ftags&post=25888"}],"curies":[{"name":"wp","href":"https:\/\/api.w.org\/{rel}","templated":true}]}}