{"id":259,"date":"2020-06-04T23:56:20","date_gmt":"2020-06-04T23:56:20","guid":{"rendered":"http:\/\/whatsappcancun.com\/?p=259"},"modified":"2020-06-04T23:56:20","modified_gmt":"2020-06-04T23:56:20","slug":"espana-e-italia-vuelven-a-la-normalidad-y-dan-por-terminadas-sus-cuarentenas","status":"publish","type":"post","link":"https:\/\/podernacional.com\/?p=259","title":{"rendered":"Espa\u00f1a e Italia vuelven a la normalidad y dan por terminadas sus cuarentenas"},"content":{"rendered":"\n<p>Tres meses despu\u00e9s de la adopci\u00f3n de las primeras medidas de cuarentena,&nbsp;<strong>Europa contin\u00faa su cautelosa vuelta a la normalidad,&nbsp;<\/strong>que incluye la reapertura de caf\u00e9s, restaurantes y museos y el regreso del f\u00fatbol en algunos pa\u00edses.<\/p>\n\n\n\n<p>El s\u00edmbolo de la (\u00bfmoment\u00e1nea?) victoria sobre el virus en el continente es&nbsp;<strong>Italia&nbsp;<\/strong>-el pa\u00eds que fue durante un tiempo el principal foco mundial del coronavirus y el primero que confin\u00f3 a todo su territorio-, que&nbsp;<strong>este mi\u00e9rcoles dio un paso m\u00e1s hacia la normalidad con la reapertura de sus fronteras,&nbsp;<\/strong>al menos entre los pa\u00edses de la Uni\u00f3n Europea, y&nbsp;<strong>el fin de las restricciones de movimiento entre las regiones.&nbsp;<\/strong>El 15 de junio ser\u00e1 el turno de teatros y cines.<\/p>\n\n\n\n<p><mark><strong>El pa\u00eds declar\u00f3 la cuarentena nacional el 9 de marzo, cuando hab\u00eda m\u00e1s de 9 mil casos de coronavirus y 463 fallecidos<\/strong><\/mark>, aunque algunas zonas del norte ya hab\u00edan sido cerradas el 21 de febrero.&nbsp;<strong>Las medidas m\u00e1s restrictivas, con<\/strong>&nbsp;<a href=\"https:\/\/www.infobae.com\/america\/mundo\/2020\/03\/21\/coronavirus-italia-ordeno-el-cierre-de-toda-la-actividad-de-produccion-no-esencial\/\" target=\"_blank\" rel=\"noreferrer noopener\"><strong>el cierre de todas las actividades e industrias no esenciales<\/strong><\/a>, fueron tomadas el 23 de marzo, cuando los<strong>&nbsp;casos eran 64 mil y los muertos 6.077.&nbsp;<\/strong>Unos d\u00edas antes, el 21 de marzo, se hab\u00eda registrado el aumento de contagios, con 6.577 casos.&nbsp;<strong>La cifra se mantuvo entre los 4 mil y 5 mil casos diarios durante semanas, hasta que comenz\u00f3 a descender.<\/strong><\/p>\n\n\n\n\n\n<p>El 4 de mayo comenz\u00f3 la Fase 2, que se complet\u00f3 el 18 de mayo con la&nbsp;<strong>reapertura de tiendas, restaurantes e iglesias<\/strong>. \u201c<strong>Estamos enfrentando un riesgo calculado\u201d<\/strong>, dijo el primer ministro Giuseppe Conte. \u201c<strong>Sabemos que la curva epidemiol\u00f3gica volver\u00e1 a subir. Pero no podemos detenernos ahora\u201d.<\/strong><\/p>\n\n\n\n<p>As\u00ed, en el pa\u00eds los d\u00edas de cuarentena fueron 56.<\/p>\n\n\n\n<p>Pese a los temores,<strong>&nbsp;el aumento de la curva por el momento no est\u00e1 ocurriendo<\/strong>: los casos diarios rondan los 300 por d\u00eda y la cifra diaria de muertes se mantiene por debajo de los cien. Sobre todo,&nbsp;<strong>el numero de personas internadas en terapia intensiva sigue bajando,&nbsp;<\/strong>y&nbsp;<strong>no se registran nuevos ingresos<\/strong>. Algo que llev\u00f3 a&nbsp;<strong>Alberto Zangrillo<\/strong>, director del hospital San Raffaele, de Mil\u00e1n, uno de los centros que estuvo en primera l\u00ednea en la lucha contra el brote, a decir que<a href=\"https:\/\/www.infobae.com\/america\/mundo\/2020\/06\/02\/el-coronavirus-ya-no-existe-la-polemica-entre-una-eminencia-de-la-medicina-italiana-y-la-oms\/\" target=\"_blank\" rel=\"noreferrer noopener\"><strong>&nbsp;el virus \u00abya no existe cl\u00ednicamente\u201d en el pa\u00eds<\/strong><\/a>.&nbsp;<strong>\u201cAterrorizar al pa\u00eds es algo de lo que alguien tiene que hacerse responsable\u201d,<\/strong>&nbsp;dijo este destacado especialista.<\/p>\n","protected":false},"excerpt":{"rendered":"<p>Tres meses despu\u00e9s de la adopci\u00f3n de las primeras medidas de cuarentena,&nbsp;Europa contin\u00faa su cautelosa vuelta a la normalidad,&nbsp;que incluye la reapertura de caf\u00e9s, restaurantes y museos y el regreso del f\u00fatbol en algunos pa\u00edses. El s\u00edmbolo de la (\u00bfmoment\u00e1nea?) victoria sobre el virus en el continente es&nbsp;Italia&nbsp;-el pa\u00eds que fue durante un tiempo el [&hellip;]<\/p>\n","protected":false},"author":1,"featured_media":260,"comment_status":"open","ping_status":"open","sticky":false,"template":"","format":"standard","meta":{"footnotes":""},"categories":[5],"tags":[],"class_list":["post-259","post","type-post","status-publish","format-standard","has-post-thumbnail","hentry","category-internacional"],"_links":{"self":[{"href":"https:\/\/podernacional.com\/index.php?rest_route=\/wp\/v2\/posts\/259","targetHints":{"allow":["GET"]}}],"collection":[{"href":"https:\/\/podernacional.com\/index.php?rest_route=\/wp\/v2\/posts"}],"about":[{"href":"https:\/\/podernacional.com\/index.php?rest_route=\/wp\/v2\/types\/post"}],"author":[{"embeddable":true,"href":"https:\/\/podernacional.com\/index.php?rest_route=\/wp\/v2\/users\/1"}],"replies":[{"embeddable":true,"href":"https:\/\/podernacional.com\/index.php?rest_route=%2Fwp%2Fv2%2Fcomments&post=259"}],"version-history":[{"count":0,"href":"https:\/\/podernacional.com\/index.php?rest_route=\/wp\/v2\/posts\/259\/revisions"}],"wp:featuredmedia":[{"embeddable":true,"href":"https:\/\/podernacional.com\/index.php?rest_route=\/wp\/v2\/media\/260"}],"wp:attachment":[{"href":"https:\/\/podernacional.com\/index.php?rest_route=%2Fwp%2Fv2%2Fmedia&parent=259"}],"wp:term":[{"taxonomy":"category","embeddable":true,"href":"https:\/\/podernacional.com\/index.php?rest_route=%2Fwp%2Fv2%2Fcategories&post=259"},{"taxonomy":"post_tag","embeddable":true,"href":"https:\/\/podernacional.com\/index.php?rest_route=%2Fwp%2Fv2%2Ftags&post=259"}],"curies":[{"name":"wp","href":"https:\/\/api.w.org\/{rel}","templated":true}]}}