{"id":25959,"date":"2024-12-21T21:42:21","date_gmt":"2024-12-22T02:42:21","guid":{"rendered":"https:\/\/podernacional.com\/?p=25959"},"modified":"2024-12-22T02:42:23","modified_gmt":"2024-12-22T02:42:23","slug":"lenguaje-woke-que-es-y-por-que-su-uso-genera-tanta-controversia","status":"publish","type":"post","link":"https:\/\/podernacional.com\/?p=25959","title":{"rendered":"&#8216;Lenguaje Woke&#8217;: \u00bfQu\u00e9 es y por qu\u00e9 su uso genera tanta controversia?"},"content":{"rendered":"<p>\ud83d\udd38 El t\u00e9rmino ha evolucionado y se ha expandido para incluir una variedad de movimientos sociales.<\/p>\n<p>#VIRAL | Ricardo Salinas Pliego se volvi\u00f3 tendencia en redes sociales tras compartir un comunicado en su cuenta de X, donde pidi\u00f3 a sus colaboradores evitar el uso del llamado \u2018lenguaje woke\u2019.<\/p>\n<p>El empresario dej\u00f3 en claro que los conductores de TV Azteca deber\u00e1n de dejar de usar &#8216;este lenguaje&#8217; de forma inmediata,\u00a0argumentando que esta decisi\u00f3n responde a las demandas de los televidentes.<\/p>\n<p>El t\u00e9rmino \u00ablenguaje woke\u00bb hace referencia a un estilo de comunicaci\u00f3n dise\u00f1ado para ser inclusivo, respetuoso y sensible hacia temas de justicia social, derechos humanos e igualdad.<\/p>\n<p>Proviene del vocablo ingl\u00e9s woke, que significa \u00abdespierto\u00bb o \u00abconsciente\u00bb y su origen se encuentra en la comunidad afroamericana, donde inicialmente se utilizaba para describir a las personas conscientes de las injusticias raciales.<\/p>\n<p>Aunque el uso de \u00abwoke\u00bb se remonta a la d\u00e9cada de 1930, se considera que el escritor William Melvin Kelley fue quien populariz\u00f3 el t\u00e9rmino en 1962 a trav\u00e9s de un art\u00edculo titulado If You&#8217;re Woke, You Dig It publicado en The New York Times, donde abordaba temas de conciencia social y racial.<\/p>\n<p>Desde entonces, el t\u00e9rmino ha evolucionado y se ha expandido para incluir una variedad de movimientos sociales, abarcando no solo la lucha contra el racismo, sino tambi\u00e9n cuestiones de g\u00e9nero, derechos LGBTQ+, y justicia econ\u00f3mica.<\/p>\n<p>El lenguaje woke se distingue por diversas pr\u00e1cticas orientadas a fomentar la inclusi\u00f3n y el respeto, se utilizan t\u00e9rminos que abarcan a todas las personas, evitando expresiones discriminatorias. En espa\u00f1ol, por ejemplo, se proponen alternativas como \u00abtodes\u00bb o \u00abtodxs\u00bb en lugar de \u00abtodos\u00bb.<\/p>\n<p>As\u00ed mismo se promueve el uso de pronombres y formas ling\u00fc\u00edsticas que no asuman un g\u00e9nero espec\u00edfico, respetando as\u00ed la identidad de personas no binarias o transg\u00e9nero, se reemplazan palabras con connotaciones negativas o hist\u00f3ricamente discriminatorias. Por ejemplo, se prefiere \u00abpersona con discapacidad\u00bb en lugar de \u00abinv\u00e1lido\u00bb.<\/p>\n<p>Tambi\u00e9n se busca dar protagonismo a comunidades hist\u00f3ricamente marginadas, mencionando expl\u00edcitamente a diferentes g\u00e9neros, orientaciones sexuales y grupos sociales en el discurso.<\/p>\n<p>El uso del lenguaje woke ha ganado terreno en sectores como la educaci\u00f3n, los medios de comunicaci\u00f3n y las redes sociales. El lenguaje woke representa un esfuerzo por modernizar la comunicaci\u00f3n, haci\u00e9ndola m\u00e1s inclusiva y consciente de las desigualdades sociales.<\/p>\n<p>No obstante, su implementaci\u00f3n sigue siendo objeto de discusi\u00f3n, reflejando tensiones entre la evoluci\u00f3n del lenguaje y las posturas tradicionales sobre su uso.<\/p>\n","protected":false},"excerpt":{"rendered":"<p>\ud83d\udd38 El t\u00e9rmino ha evolucionado y se ha expandido para incluir una variedad de movimientos sociales. #VIRAL | Ricardo Salinas Pliego se volvi\u00f3 tendencia en redes sociales tras compartir un comunicado en su cuenta de X, donde pidi\u00f3 a sus colaboradores evitar el uso del llamado \u2018lenguaje woke\u2019. El empresario dej\u00f3 en claro que los [&hellip;]<\/p>\n","protected":false},"author":1,"featured_media":25961,"comment_status":"open","ping_status":"closed","sticky":false,"template":"","format":"standard","meta":{"footnotes":""},"categories":[136],"tags":[],"class_list":["post-25959","post","type-post","status-publish","format-standard","has-post-thumbnail","hentry","category-viral"],"_links":{"self":[{"href":"https:\/\/podernacional.com\/index.php?rest_route=\/wp\/v2\/posts\/25959","targetHints":{"allow":["GET"]}}],"collection":[{"href":"https:\/\/podernacional.com\/index.php?rest_route=\/wp\/v2\/posts"}],"about":[{"href":"https:\/\/podernacional.com\/index.php?rest_route=\/wp\/v2\/types\/post"}],"author":[{"embeddable":true,"href":"https:\/\/podernacional.com\/index.php?rest_route=\/wp\/v2\/users\/1"}],"replies":[{"embeddable":true,"href":"https:\/\/podernacional.com\/index.php?rest_route=%2Fwp%2Fv2%2Fcomments&post=25959"}],"version-history":[{"count":1,"href":"https:\/\/podernacional.com\/index.php?rest_route=\/wp\/v2\/posts\/25959\/revisions"}],"predecessor-version":[{"id":25960,"href":"https:\/\/podernacional.com\/index.php?rest_route=\/wp\/v2\/posts\/25959\/revisions\/25960"}],"wp:featuredmedia":[{"embeddable":true,"href":"https:\/\/podernacional.com\/index.php?rest_route=\/wp\/v2\/media\/25961"}],"wp:attachment":[{"href":"https:\/\/podernacional.com\/index.php?rest_route=%2Fwp%2Fv2%2Fmedia&parent=25959"}],"wp:term":[{"taxonomy":"category","embeddable":true,"href":"https:\/\/podernacional.com\/index.php?rest_route=%2Fwp%2Fv2%2Fcategories&post=25959"},{"taxonomy":"post_tag","embeddable":true,"href":"https:\/\/podernacional.com\/index.php?rest_route=%2Fwp%2Fv2%2Ftags&post=25959"}],"curies":[{"name":"wp","href":"https:\/\/api.w.org\/{rel}","templated":true}]}}