{"id":25971,"date":"2024-12-22T09:00:32","date_gmt":"2024-12-22T14:00:32","guid":{"rendered":"https:\/\/podernacional.com\/?p=25971"},"modified":"2024-12-22T03:00:43","modified_gmt":"2024-12-22T03:00:43","slug":"llamado-de-sheinbaum-sobre-maiz-transgenico-es-correcto-y-debe-ser-atendido-senala-monreal","status":"publish","type":"post","link":"https:\/\/podernacional.com\/?p=25971","title":{"rendered":"Llamado de Sheinbaum sobre ma\u00edz transg\u00e9nico es \u201ccorrecto y debe ser atendido\u201d, se\u00f1ala Monreal"},"content":{"rendered":"<p>\ud83d\udd38 El coordinador parlamentario de Morena pidi\u00f3 enfrentar la resoluci\u00f3n de Estados Unidos \u00aby protejamos a la poblaci\u00f3n nacional\u201d.<\/p>\n<p>#NACIONAL | El coordinador de Morena en el Senado, Ricardo Monreal, dijo que ser\u00e1 atendido el llamado de la presidenta Claudia Sheinbaum sobre el ma\u00edz transg\u00e9nico.<\/p>\n<p>Luego de que M\u00e9xico perdi\u00f3 la disputa comercial sobre ma\u00edz transg\u00e9nico frente a Estados Unidos, la titular del Ejecutivo dijo esta tarde que \u00abvamos a darle la vuelta a esta resoluci\u00f3n, porque muy pronto, en febrero, van a legislar que no se puede sembrar ma\u00edz transg\u00e9nico\u00bb.<\/p>\n<p>Al respecto, el diputado Monreal dijo que \u201cel pronunciamiento de la presidenta Claudia Sheinbaum respecto a prohibir el ma\u00edz transg\u00e9nico en M\u00e9xico, as\u00ed como su llamado a legislar en este sentido, son correctos y deben ser atendidos\u201d.<\/p>\n<p>\u201cEnfrentemos la resoluci\u00f3n de Estados Unidos y protejamos a la poblaci\u00f3n nacional\u201d, dijo.<\/p>\n<p>En febrero 2023, el entonces presidente Andr\u00e9s Manuel L\u00f3pez Obrador emiti\u00f3 un decreto para prohibir el uso de ma\u00edz gen\u00e9ticamente modificado para elaborar tortillas y masa, y abog\u00f3 por su sustituci\u00f3n en la producci\u00f3n industrial destinada al consumo humano y de alimentaci\u00f3n animal.<\/p>\n<p>En respuesta, el gobierno estadunidense solicit\u00f3 un panel de resoluci\u00f3n disputas.<\/p>\n","protected":false},"excerpt":{"rendered":"<p>\ud83d\udd38 El coordinador parlamentario de Morena pidi\u00f3 enfrentar la resoluci\u00f3n de Estados Unidos \u00aby protejamos a la poblaci\u00f3n nacional\u201d. #NACIONAL | El coordinador de Morena en el Senado, Ricardo Monreal, dijo que ser\u00e1 atendido el llamado de la presidenta Claudia Sheinbaum sobre el ma\u00edz transg\u00e9nico. Luego de que M\u00e9xico perdi\u00f3 la disputa comercial sobre ma\u00edz [&hellip;]<\/p>\n","protected":false},"author":1,"featured_media":25973,"comment_status":"open","ping_status":"closed","sticky":false,"template":"","format":"standard","meta":{"footnotes":""},"categories":[7],"tags":[],"class_list":["post-25971","post","type-post","status-publish","format-standard","has-post-thumbnail","hentry","category-nacional"],"_links":{"self":[{"href":"https:\/\/podernacional.com\/index.php?rest_route=\/wp\/v2\/posts\/25971","targetHints":{"allow":["GET"]}}],"collection":[{"href":"https:\/\/podernacional.com\/index.php?rest_route=\/wp\/v2\/posts"}],"about":[{"href":"https:\/\/podernacional.com\/index.php?rest_route=\/wp\/v2\/types\/post"}],"author":[{"embeddable":true,"href":"https:\/\/podernacional.com\/index.php?rest_route=\/wp\/v2\/users\/1"}],"replies":[{"embeddable":true,"href":"https:\/\/podernacional.com\/index.php?rest_route=%2Fwp%2Fv2%2Fcomments&post=25971"}],"version-history":[{"count":1,"href":"https:\/\/podernacional.com\/index.php?rest_route=\/wp\/v2\/posts\/25971\/revisions"}],"predecessor-version":[{"id":25972,"href":"https:\/\/podernacional.com\/index.php?rest_route=\/wp\/v2\/posts\/25971\/revisions\/25972"}],"wp:featuredmedia":[{"embeddable":true,"href":"https:\/\/podernacional.com\/index.php?rest_route=\/wp\/v2\/media\/25973"}],"wp:attachment":[{"href":"https:\/\/podernacional.com\/index.php?rest_route=%2Fwp%2Fv2%2Fmedia&parent=25971"}],"wp:term":[{"taxonomy":"category","embeddable":true,"href":"https:\/\/podernacional.com\/index.php?rest_route=%2Fwp%2Fv2%2Fcategories&post=25971"},{"taxonomy":"post_tag","embeddable":true,"href":"https:\/\/podernacional.com\/index.php?rest_route=%2Fwp%2Fv2%2Ftags&post=25971"}],"curies":[{"name":"wp","href":"https:\/\/api.w.org\/{rel}","templated":true}]}}