{"id":26036,"date":"2024-12-27T16:19:34","date_gmt":"2024-12-27T21:19:34","guid":{"rendered":"https:\/\/podernacional.com\/?p=26036"},"modified":"2024-12-28T21:20:42","modified_gmt":"2024-12-28T21:20:42","slug":"asipona-anuncia-cambios-en-el-flujo-vehicular-sobre-el-kilometro-13-5-de-veracruz","status":"publish","type":"post","link":"https:\/\/podernacional.com\/?p=26036","title":{"rendered":"Asipona anuncia cambios en el flujo vehicular sobre el kil\u00f3metro 13.5 de Veracruz"},"content":{"rendered":"<p>\ud83d\udd38 Los cambios se pondr\u00e1n en marcha a partir del 30 de diciembre.<\/p>\n<p>#VERACRUZ | La Administraci\u00f3n del Sistema Portuario Nacional (Asipona) Veracruz dio a conocer que a partir del 30 de diciembre se implementar\u00e1n cambios temporales en el flujo vehicular en el Puente Tr\u00e9bol, ubicado en el kil\u00f3metro 13.5.<\/p>\n<p>De acuerdo con la informaci\u00f3n, estas modificaciones se deben a trabajos de mantenimiento que tendr\u00e1n una duraci\u00f3n aproximada de 20 d\u00edas.<\/p>\n<p>Entre los ajustes destacados se encuentra la apertura del flujo vehicular en la entrada de la carretera Veracruz-Xalapa hacia el recinto portuario, lo que permitir\u00e1 la circulaci\u00f3n en esta direcci\u00f3n.<\/p>\n<p>Sin embargo, se inform\u00f3 el cierre de la salida del recinto portuario hacia la carretera Veracruz-Xalapa, as\u00ed como el bloqueo de la entrada hacia la zona norte de Veracruz desde el recinto portuario, lo que impactar\u00e1 a conductores que regularmente transitan por estas rutas.<\/p>\n<p>La Asipona Veracruz exhort\u00f3 a la poblaci\u00f3n a tomar las precauciones necesarias y planificar con anticipaci\u00f3n sus traslados.<\/p>\n<p>Asimismo, pidi\u00f3 respetar las indicaciones del personal de seguridad que estar\u00e1 presente en el lugar para garantizar un tr\u00e1nsito m\u00e1s seguro y ordenado durante el desarrollo de las labores.<\/p>\n<p>Finalmente, las autoridades destacaron que cualquier cambio en el estatus de los trabajos ser\u00e1 comunicado a trav\u00e9s de los canales de informaci\u00f3n oficial de la Asipona.<\/p>\n<p>Este mantenimiento es para mejorar la infraestructura vial que conecta a la ciudad con el recinto portuario, uno de los puntos estrat\u00e9gicos para el comercio y transporte en la regi\u00f3n.<\/p>\n","protected":false},"excerpt":{"rendered":"<p>\ud83d\udd38 Los cambios se pondr\u00e1n en marcha a partir del 30 de diciembre. #VERACRUZ | La Administraci\u00f3n del Sistema Portuario Nacional (Asipona) Veracruz dio a conocer que a partir del 30 de diciembre se implementar\u00e1n cambios temporales en el flujo vehicular en el Puente Tr\u00e9bol, ubicado en el kil\u00f3metro 13.5. De acuerdo con la informaci\u00f3n, [&hellip;]<\/p>\n","protected":false},"author":1,"featured_media":26038,"comment_status":"open","ping_status":"closed","sticky":false,"template":"","format":"standard","meta":{"footnotes":""},"categories":[133],"tags":[],"class_list":["post-26036","post","type-post","status-publish","format-standard","has-post-thumbnail","hentry","category-veracruz"],"_links":{"self":[{"href":"https:\/\/podernacional.com\/index.php?rest_route=\/wp\/v2\/posts\/26036","targetHints":{"allow":["GET"]}}],"collection":[{"href":"https:\/\/podernacional.com\/index.php?rest_route=\/wp\/v2\/posts"}],"about":[{"href":"https:\/\/podernacional.com\/index.php?rest_route=\/wp\/v2\/types\/post"}],"author":[{"embeddable":true,"href":"https:\/\/podernacional.com\/index.php?rest_route=\/wp\/v2\/users\/1"}],"replies":[{"embeddable":true,"href":"https:\/\/podernacional.com\/index.php?rest_route=%2Fwp%2Fv2%2Fcomments&post=26036"}],"version-history":[{"count":1,"href":"https:\/\/podernacional.com\/index.php?rest_route=\/wp\/v2\/posts\/26036\/revisions"}],"predecessor-version":[{"id":26037,"href":"https:\/\/podernacional.com\/index.php?rest_route=\/wp\/v2\/posts\/26036\/revisions\/26037"}],"wp:featuredmedia":[{"embeddable":true,"href":"https:\/\/podernacional.com\/index.php?rest_route=\/wp\/v2\/media\/26038"}],"wp:attachment":[{"href":"https:\/\/podernacional.com\/index.php?rest_route=%2Fwp%2Fv2%2Fmedia&parent=26036"}],"wp:term":[{"taxonomy":"category","embeddable":true,"href":"https:\/\/podernacional.com\/index.php?rest_route=%2Fwp%2Fv2%2Fcategories&post=26036"},{"taxonomy":"post_tag","embeddable":true,"href":"https:\/\/podernacional.com\/index.php?rest_route=%2Fwp%2Fv2%2Ftags&post=26036"}],"curies":[{"name":"wp","href":"https:\/\/api.w.org\/{rel}","templated":true}]}}