{"id":263,"date":"2020-06-04T23:58:19","date_gmt":"2020-06-04T23:58:19","guid":{"rendered":"http:\/\/whatsappcancun.com\/?p=263"},"modified":"2020-06-04T23:58:19","modified_gmt":"2020-06-04T23:58:19","slug":"espana-el-tercer-pais-mas-golpeado-en-europa-por-el-virus-tuvo-un-numero-de-dias-de-cuarentena-estricta-similar-al-de-italia","status":"publish","type":"post","link":"https:\/\/podernacional.com\/?p=263","title":{"rendered":"Espa\u00f1a, el tercer pa\u00eds m\u00e1s golpeado en Europa por el virus, tuvo un n\u00famero de d\u00edas de cuarentena estricta similar al de Italia."},"content":{"rendered":"\n<p><mark><strong>&nbsp;tambi\u00e9n est\u00e1 volviendo a la normalidad sin mayores sobresaltos.&nbsp;<\/strong>Esta semana no se anunci\u00f3 ning\u00fan fallecido por COVID-19 por dos d\u00edas consecutivos, y apenas uno este mi\u00e9rcoles<\/mark>.<\/p>\n\n\n\n<p>El Ejecutivo de&nbsp;<strong>Pedro S\u00e1nchez&nbsp;<\/strong>declar\u00f3 el estado de alarma el pasado&nbsp;<strong>14 de marzo<\/strong>&nbsp;para contener el contagio masivo, cuando&nbsp;<strong>Espa\u00f1a&nbsp;<\/strong>contaba con m\u00e1s de&nbsp;<strong>4.200 casos positivos y 120 fallecidos<\/strong>, y comenz\u00f3 la desescalada el 26 de abril, permitiendo la salida de los menores, cuando el saldo diario de muertos era todav\u00eda de 288 personas.<\/p>\n\n\n\n<p>Para fines de mayo,\u00a0<strong>el 70 por ciento del pa\u00eds ya estaba en la Fase 2 del desconfinamiento<\/strong>, con la reapertura de restaurantes, hoteles, cines y teatros.<\/p>\n\n\n\n<p><mark><strong>&nbsp;tambi\u00e9n est\u00e1 volviendo a la normalidad sin mayores sobresaltos.&nbsp;<\/strong>Esta semana no se anunci\u00f3 ning\u00fan fallecido por COVID-19 por dos d\u00edas consecutivos, y apenas uno este mi\u00e9rcoles<\/mark>.<\/p>\n\n\n\n<p>El Ejecutivo de&nbsp;<strong>Pedro S\u00e1nchez&nbsp;<\/strong>declar\u00f3 el estado de alarma el pasado&nbsp;<strong>14 de marzo<\/strong>&nbsp;para contener el contagio masivo, cuando&nbsp;<strong>Espa\u00f1a&nbsp;<\/strong>contaba con m\u00e1s de&nbsp;<strong>4.200 casos positivos y 120 fallecidos<\/strong>, y comenz\u00f3 la desescalada el 26 de abril, permitiendo la salida de los menores, cuando el saldo diario de muertos era todav\u00eda de 288 personas.<\/p>\n\n\n\n<p>Para fines de mayo,&nbsp;<strong>el 70 por ciento del pa\u00eds ya estaba en la Fase 2 del desconfinamiento<\/strong>, con la reapertura de restaurantes, hoteles, cines y teatros.<\/p>\n","protected":false},"excerpt":{"rendered":"<p>&nbsp;tambi\u00e9n est\u00e1 volviendo a la normalidad sin mayores sobresaltos.&nbsp;Esta semana no se anunci\u00f3 ning\u00fan fallecido por COVID-19 por dos d\u00edas consecutivos, y apenas uno este mi\u00e9rcoles. El Ejecutivo de&nbsp;Pedro S\u00e1nchez&nbsp;declar\u00f3 el estado de alarma el pasado&nbsp;14 de marzo&nbsp;para contener el contagio masivo, cuando&nbsp;Espa\u00f1a&nbsp;contaba con m\u00e1s de&nbsp;4.200 casos positivos y 120 fallecidos, y comenz\u00f3 la desescalada [&hellip;]<\/p>\n","protected":false},"author":1,"featured_media":264,"comment_status":"open","ping_status":"open","sticky":false,"template":"","format":"standard","meta":{"footnotes":""},"categories":[5],"tags":[],"class_list":["post-263","post","type-post","status-publish","format-standard","has-post-thumbnail","hentry","category-internacional"],"_links":{"self":[{"href":"https:\/\/podernacional.com\/index.php?rest_route=\/wp\/v2\/posts\/263","targetHints":{"allow":["GET"]}}],"collection":[{"href":"https:\/\/podernacional.com\/index.php?rest_route=\/wp\/v2\/posts"}],"about":[{"href":"https:\/\/podernacional.com\/index.php?rest_route=\/wp\/v2\/types\/post"}],"author":[{"embeddable":true,"href":"https:\/\/podernacional.com\/index.php?rest_route=\/wp\/v2\/users\/1"}],"replies":[{"embeddable":true,"href":"https:\/\/podernacional.com\/index.php?rest_route=%2Fwp%2Fv2%2Fcomments&post=263"}],"version-history":[{"count":0,"href":"https:\/\/podernacional.com\/index.php?rest_route=\/wp\/v2\/posts\/263\/revisions"}],"wp:featuredmedia":[{"embeddable":true,"href":"https:\/\/podernacional.com\/index.php?rest_route=\/wp\/v2\/media\/264"}],"wp:attachment":[{"href":"https:\/\/podernacional.com\/index.php?rest_route=%2Fwp%2Fv2%2Fmedia&parent=263"}],"wp:term":[{"taxonomy":"category","embeddable":true,"href":"https:\/\/podernacional.com\/index.php?rest_route=%2Fwp%2Fv2%2Fcategories&post=263"},{"taxonomy":"post_tag","embeddable":true,"href":"https:\/\/podernacional.com\/index.php?rest_route=%2Fwp%2Fv2%2Ftags&post=263"}],"curies":[{"name":"wp","href":"https:\/\/api.w.org\/{rel}","templated":true}]}}