{"id":2689,"date":"2021-04-09T01:43:04","date_gmt":"2021-04-09T01:43:04","guid":{"rendered":"https:\/\/whatsappcancun.com\/?p=2689"},"modified":"2021-04-09T01:43:04","modified_gmt":"2021-04-09T01:43:04","slug":"volaris-operara-a-partir-del-17-de-junio-la-ruta-cancun-mexicali","status":"publish","type":"post","link":"https:\/\/podernacional.com\/?p=2689","title":{"rendered":"Volaris operar\u00e1 a partir del 17 de junio la ruta Canc\u00fan-Mexicali"},"content":{"rendered":"<p>Volaris, aerol\u00ednea mexicana de bajo costo que opera en M\u00e9xico, Estados Unidos y Centroam\u00e9rica, anunci\u00f3 la apertura de la ruta Canc\u00fan-Mexicali<\/p>\n<p>Volaris, aerol\u00ednea mexicana de bajo costo que opera en\u00a0<strong>M\u00e9xico, Estados Unidos y Centroam\u00e9rica<\/strong>, anunci\u00f3 la apertura de la ruta Canc\u00fan-Mexicali, a partir del 17 de junio.<\/p>\n<div id=\"horas-1558284b9a22898f5495d8bce076f37d\" class=\"horas-1558284b9a22898f5495d8bce076f37d horas-content_2\"><\/div>\n<p>Miguel Agui\u00f1iga, director de\u00a0<strong>Desarrollo de Mercados y Distribuci\u00f3n de Volaris,<\/strong>\u00a0dijo que con este vuelo conectar\u00e1n a los pasajeros del norte con el sureste del pa\u00eds, en un trayecto que en autob\u00fas toma 54 horas.<\/p>\n<p>\u201cSi bien nuestro principal mercado es quienes visitan a familiares y amigos, no dejamos de lado a los que buscan destinos de recreaci\u00f3n, a los que puedan viajar con todas las medidas de bioseguridad., indic\u00f3.<\/p>\n<div id=\"horas-92c17329500cc24ef979aa0a81231ebb\" class=\"horas-92c17329500cc24ef979aa0a81231ebb horas-content\"><\/div>\n<p>Mexicali es una ciudad estrat\u00e9gica para nuestra red y, de la misma manera, Canc\u00fan representa un centro de conexi\u00f3n importante\u201d, a\u00f1ad\u00f3.<br \/>\nDar\u00edo Flota Ocampo, director del Consejo de Promoci\u00f3n Tur\u00edstica de Quintana Roo, destac\u00f3 que Volaris es un aliado del Caribe Mexicano en la recuperaci\u00f3n del sector y se dijo confiado en que ser\u00e1 un \u00e9xito, pues se podr\u00e1 conectar de manera directa al norte del pa\u00eds.<\/p>\n<p>Mario Escobedo Carignan, secretario de Econom\u00eda Sustentable y Turismo, manifest\u00f3 que \u201cgracias a esta nueva ruta Canc\u00fan-Mexicali, Baja California contin\u00faa posicionado como uno de los Estados con mayor conectividad en el pa\u00eds, resultado del gran potencial que representa nuestra entidad en el desarrollo econ\u00f3mico y tur\u00edstico de M\u00e9xico\u201d.<\/p>\n<p>\u201cEstas acciones permitir\u00e1n que sigamos impulsando el crecimiento de varios segmentos emergentes en el Estado, como el turismo de aventura y naturaleza, la cerveza artesanal y las experiencias alrededor de las comunidades originarias de Baja California\u201d, a\u00f1adi\u00f3.<\/p>\n<p>Los boletos para esta nueva ruta se podr\u00e1n adquirir desde ahora, a $899 vuelo sencillo, con salida jueves y domingo, de Canc\u00fan a las 21:30 horas y llegada a las 00:03 horas. El lunes y viernes desde Mexicali a las 00:33 horas y llegando a Canc\u00fan a las 06:45 horas.<\/p>\n<p>La recomendaci\u00f3n es comprar de manera anticipada mediante todos los canales de venta disponibles de la aerol\u00ednea: sitio web oficial www.volaris.com, app Volaris y agencias de viajes autorizadas.<\/p>\n<div id=\"mvp-post-info-wrap\" class=\"left relative\">\n<div id=\"mvp-post-info-bot\" class=\"right relative\">\n<ul>\n<li class=\"mvp-post-soc-fb\"><\/li>\n<\/ul>\n<\/div>\n<\/div>\n<p>&nbsp;<\/p>\n<p>&nbsp;<\/p>\n","protected":false},"excerpt":{"rendered":"<p>Volaris, aerol\u00ednea mexicana de bajo costo que opera en M\u00e9xico, Estados Unidos y Centroam\u00e9rica, anunci\u00f3 la apertura de la ruta Canc\u00fan-Mexicali Volaris, aerol\u00ednea mexicana de bajo costo que opera en\u00a0M\u00e9xico, Estados Unidos y Centroam\u00e9rica, anunci\u00f3 la apertura de la ruta Canc\u00fan-Mexicali, a partir del 17 de junio. Miguel Agui\u00f1iga, director de\u00a0Desarrollo de Mercados y Distribuci\u00f3n [&hellip;]<\/p>\n","protected":false},"author":1,"featured_media":2690,"comment_status":"open","ping_status":"open","sticky":false,"template":"","format":"standard","meta":{"footnotes":""},"categories":[12],"tags":[],"class_list":["post-2689","post","type-post","status-publish","format-standard","has-post-thumbnail","hentry","category-sin-categoria"],"_links":{"self":[{"href":"https:\/\/podernacional.com\/index.php?rest_route=\/wp\/v2\/posts\/2689","targetHints":{"allow":["GET"]}}],"collection":[{"href":"https:\/\/podernacional.com\/index.php?rest_route=\/wp\/v2\/posts"}],"about":[{"href":"https:\/\/podernacional.com\/index.php?rest_route=\/wp\/v2\/types\/post"}],"author":[{"embeddable":true,"href":"https:\/\/podernacional.com\/index.php?rest_route=\/wp\/v2\/users\/1"}],"replies":[{"embeddable":true,"href":"https:\/\/podernacional.com\/index.php?rest_route=%2Fwp%2Fv2%2Fcomments&post=2689"}],"version-history":[{"count":0,"href":"https:\/\/podernacional.com\/index.php?rest_route=\/wp\/v2\/posts\/2689\/revisions"}],"wp:featuredmedia":[{"embeddable":true,"href":"https:\/\/podernacional.com\/index.php?rest_route=\/wp\/v2\/media\/2690"}],"wp:attachment":[{"href":"https:\/\/podernacional.com\/index.php?rest_route=%2Fwp%2Fv2%2Fmedia&parent=2689"}],"wp:term":[{"taxonomy":"category","embeddable":true,"href":"https:\/\/podernacional.com\/index.php?rest_route=%2Fwp%2Fv2%2Fcategories&post=2689"},{"taxonomy":"post_tag","embeddable":true,"href":"https:\/\/podernacional.com\/index.php?rest_route=%2Fwp%2Fv2%2Ftags&post=2689"}],"curies":[{"name":"wp","href":"https:\/\/api.w.org\/{rel}","templated":true}]}}