{"id":269,"date":"2020-06-05T00:01:39","date_gmt":"2020-06-05T00:01:39","guid":{"rendered":"http:\/\/whatsappcancun.com\/?p=269"},"modified":"2020-06-05T00:01:39","modified_gmt":"2020-06-05T00:01:39","slug":"donald-trump-agradecio-a-iran-por-la-liberacion-del-rehen-estadounidense-muestra-que-alcanzar-un-acuerdo-es-posible","status":"publish","type":"post","link":"https:\/\/podernacional.com\/?p=269","title":{"rendered":"Donald Trump agradeci\u00f3 a Ir\u00e1n por la liberaci\u00f3n del reh\u00e9n estadounidense: \u201cMuestra que alcanzar un acuerdo es posible\u201d"},"content":{"rendered":"\n<p>El presidente de los Estados Unidos, Donald Trump, agradeci\u00f3 este jueves a Ir\u00e1n por la<a href=\"https:\/\/www.infobae.com\/america\/eeuu\/2020\/06\/04\/iran-libero-a-michael-white-el-primer-marine-detenido-por-el-regimen-durante-el-gobierno-de-donald-trump\/\" target=\"_blank\" rel=\"noreferrer noopener\">&nbsp;liberaci\u00f3n del reh\u00e9n estadounidense<\/a>&nbsp;retenido por el r\u00e9gimen desde 2018 y resalt\u00f3 que&nbsp;<strong>este hecho \u201cmuestra que alcanzar un acuerdo es posible\u201d.<\/strong><\/p>\n\n\n\n<p>\u201cAcabo de hablar con el ex reh\u00e9n estadounidense Michael White,<strong>&nbsp;quien se encuentra ahora en Zurich despu\u00e9s de haber sido liberado por Ir\u00e1n. Se subir\u00e1 a un avi\u00f3n estadounidense pronto, \u00a1y volver\u00e1 a los Estados Unidos!\u201d,<\/strong>&nbsp;indic\u00f3 el mandatario en su cuenta de Twitter.<\/p>\n\n\n\n<p>\u201cHemos repatriado m\u00e1s de 40 rehenes y detenidos estadounidenses desde que llegu\u00e9 a la presidencia.&nbsp;<strong>Agradezco a Ir\u00e1n, esto muestra que alcanzar un acuerdo es posible\u201d<\/strong>, agreg\u00f3.<\/p>\n\n\n\n<p>White, primer marine detenido por el r\u00e9gimen durante el gobierno de Donald Trump,&nbsp;<strong>fue arrestado en 2018 y condenado, entre otros cargos, por insultar al l\u00edder supremo de la Rep\u00fablica Isl\u00e1mica, el ayatollah Al\u00ed Khamenei<\/strong>.<\/p>\n\n\n\n<p>El Departamento de Estado norteamericano confirm\u00f3 en marzo que&nbsp;<strong>hab\u00eda abandonado la c\u00e1rcel por razones m\u00e9dicas<\/strong>, pero deb\u00eda permanecer bajo custodia de la Embajada suiza, que representa los intereses diplom\u00e1ticos de Washington en Teher\u00e1n.<\/p>\n","protected":false},"excerpt":{"rendered":"<p>El presidente de los Estados Unidos, Donald Trump, agradeci\u00f3 este jueves a Ir\u00e1n por la&nbsp;liberaci\u00f3n del reh\u00e9n estadounidense&nbsp;retenido por el r\u00e9gimen desde 2018 y resalt\u00f3 que&nbsp;este hecho \u201cmuestra que alcanzar un acuerdo es posible\u201d. \u201cAcabo de hablar con el ex reh\u00e9n estadounidense Michael White,&nbsp;quien se encuentra ahora en Zurich despu\u00e9s de haber sido liberado por [&hellip;]<\/p>\n","protected":false},"author":1,"featured_media":270,"comment_status":"open","ping_status":"open","sticky":false,"template":"","format":"standard","meta":{"footnotes":""},"categories":[5],"tags":[],"class_list":["post-269","post","type-post","status-publish","format-standard","has-post-thumbnail","hentry","category-internacional"],"_links":{"self":[{"href":"https:\/\/podernacional.com\/index.php?rest_route=\/wp\/v2\/posts\/269","targetHints":{"allow":["GET"]}}],"collection":[{"href":"https:\/\/podernacional.com\/index.php?rest_route=\/wp\/v2\/posts"}],"about":[{"href":"https:\/\/podernacional.com\/index.php?rest_route=\/wp\/v2\/types\/post"}],"author":[{"embeddable":true,"href":"https:\/\/podernacional.com\/index.php?rest_route=\/wp\/v2\/users\/1"}],"replies":[{"embeddable":true,"href":"https:\/\/podernacional.com\/index.php?rest_route=%2Fwp%2Fv2%2Fcomments&post=269"}],"version-history":[{"count":0,"href":"https:\/\/podernacional.com\/index.php?rest_route=\/wp\/v2\/posts\/269\/revisions"}],"wp:featuredmedia":[{"embeddable":true,"href":"https:\/\/podernacional.com\/index.php?rest_route=\/wp\/v2\/media\/270"}],"wp:attachment":[{"href":"https:\/\/podernacional.com\/index.php?rest_route=%2Fwp%2Fv2%2Fmedia&parent=269"}],"wp:term":[{"taxonomy":"category","embeddable":true,"href":"https:\/\/podernacional.com\/index.php?rest_route=%2Fwp%2Fv2%2Fcategories&post=269"},{"taxonomy":"post_tag","embeddable":true,"href":"https:\/\/podernacional.com\/index.php?rest_route=%2Fwp%2Fv2%2Ftags&post=269"}],"curies":[{"name":"wp","href":"https:\/\/api.w.org\/{rel}","templated":true}]}}