{"id":2709,"date":"2021-04-10T12:22:22","date_gmt":"2021-04-10T12:22:22","guid":{"rendered":"https:\/\/whatsappcancun.com\/?p=2709"},"modified":"2021-04-10T12:22:22","modified_gmt":"2021-04-10T12:22:22","slug":"28-recien-nacidos-vencen-el-covid-19","status":"publish","type":"post","link":"https:\/\/podernacional.com\/?p=2709","title":{"rendered":"28 reci\u00e9n nacidos vencen el Covid-19"},"content":{"rendered":"<p>A partir del mes de marzo del 2020 hasta el 2021 el IMIEM detect\u00f3 247 casos sospechosos de Covid-19<\/p>\n<div id=\"mvp-post-info-wrap\" class=\"left relative\">\n<div id=\"mvp-post-info-bot\" class=\"right relative\">\n<p>M\u00c9XICO.- El<strong>\u00a0Hospital de Ginecolog\u00eda y Obstetricia del Instituto Materno Infantil del Estado de M\u00e9xico<\/strong>\u00a0(<strong>IMIEM<\/strong>), se\u00f1al\u00f3 que desde que inici\u00f3 la pandemia, han atendido a\u00a0 28 beb\u00e9s que resultaron positivos a\u00a0<strong>Covid-19<\/strong>, quienes lograron superar satisfactoriamente la enfermedad.<\/p>\n<div id=\"horas-94e25b812239b00e4a9594a8b797b45d\" class=\"horas-94e25b812239b00e4a9594a8b797b45d horas-content_2\"><\/div>\n<p>A partir del mes de marzo del 2020 hasta el 2021 el IMIEM detect\u00f3 247 casos sospechosos de Covid-19, donde 28 de ellos se trataba beb\u00e9s reci\u00e9n nacidos\u00a0 y 81 mam\u00e1s, de las cuales 4 fallecieron.<\/p>\n<p>Autoridades del hospital\u00a0 se\u00f1alaron que la causa de las muertes fueron complicaciones de otras enfermedades que al coincidir con el\u00a0<strong>coronavirus<\/strong>\u00a0deterioraron significativamente el estado de salud de los pacientes hasta ocasionar la muerte.<\/p>\n<p>El 80% de los reci\u00e9n nacidos que padecieron de Covid-19, recibieron oxigenaci\u00f3n, ya que presentaban dificultad al respirar.<\/p>\n<p>Refirieron que en un solo caso se requiri\u00f3 la intubaci\u00f3n del peque\u00f1o para recibir ventilaci\u00f3n mec\u00e1nica asistida, ya que present\u00f3 el s\u00edndrome de aspiraci\u00f3n de meconio.<\/p>\n<p>En lo que respecta a los dem\u00e1s casos, informaron que no necesitaron ning\u00fan tipo de apoyo suplementario de ox\u00edgeno y todos superaron exitosamente la enfermedad.<\/p>\n<\/div>\n<\/div>\n","protected":false},"excerpt":{"rendered":"<p>A partir del mes de marzo del 2020 hasta el 2021 el IMIEM detect\u00f3 247 casos sospechosos de Covid-19 M\u00c9XICO.- El\u00a0Hospital de Ginecolog\u00eda y Obstetricia del Instituto Materno Infantil del Estado de M\u00e9xico\u00a0(IMIEM), se\u00f1al\u00f3 que desde que inici\u00f3 la pandemia, han atendido a\u00a0 28 beb\u00e9s que resultaron positivos a\u00a0Covid-19, quienes lograron superar satisfactoriamente la enfermedad. [&hellip;]<\/p>\n","protected":false},"author":1,"featured_media":2710,"comment_status":"open","ping_status":"open","sticky":false,"template":"","format":"standard","meta":{"footnotes":""},"categories":[7],"tags":[],"class_list":["post-2709","post","type-post","status-publish","format-standard","has-post-thumbnail","hentry","category-nacional"],"_links":{"self":[{"href":"https:\/\/podernacional.com\/index.php?rest_route=\/wp\/v2\/posts\/2709","targetHints":{"allow":["GET"]}}],"collection":[{"href":"https:\/\/podernacional.com\/index.php?rest_route=\/wp\/v2\/posts"}],"about":[{"href":"https:\/\/podernacional.com\/index.php?rest_route=\/wp\/v2\/types\/post"}],"author":[{"embeddable":true,"href":"https:\/\/podernacional.com\/index.php?rest_route=\/wp\/v2\/users\/1"}],"replies":[{"embeddable":true,"href":"https:\/\/podernacional.com\/index.php?rest_route=%2Fwp%2Fv2%2Fcomments&post=2709"}],"version-history":[{"count":0,"href":"https:\/\/podernacional.com\/index.php?rest_route=\/wp\/v2\/posts\/2709\/revisions"}],"wp:featuredmedia":[{"embeddable":true,"href":"https:\/\/podernacional.com\/index.php?rest_route=\/wp\/v2\/media\/2710"}],"wp:attachment":[{"href":"https:\/\/podernacional.com\/index.php?rest_route=%2Fwp%2Fv2%2Fmedia&parent=2709"}],"wp:term":[{"taxonomy":"category","embeddable":true,"href":"https:\/\/podernacional.com\/index.php?rest_route=%2Fwp%2Fv2%2Fcategories&post=2709"},{"taxonomy":"post_tag","embeddable":true,"href":"https:\/\/podernacional.com\/index.php?rest_route=%2Fwp%2Fv2%2Ftags&post=2709"}],"curies":[{"name":"wp","href":"https:\/\/api.w.org\/{rel}","templated":true}]}}