{"id":2721,"date":"2021-04-11T12:18:55","date_gmt":"2021-04-11T12:18:55","guid":{"rendered":"https:\/\/whatsappcancun.com\/?p=2721"},"modified":"2021-04-11T12:18:55","modified_gmt":"2021-04-11T12:18:55","slug":"turismo-de-cancun-se-repone-a-pesar-de-la-pandemia","status":"publish","type":"post","link":"https:\/\/podernacional.com\/?p=2721","title":{"rendered":"TURISMO DE CANC\u00daN SE REPONE A PESAR DE LA PANDEMIA"},"content":{"rendered":"<p>Tras un a\u00f1o de haberse desatado la pandemia por Covid-19, el turismo en Canc\u00fan comienza a repuntar en el destino.<\/p>\n<p>De acuerdo a informaci\u00f3n del Grupo Aeroportuario del Sureste (ASUR) Canc\u00fan recibi\u00f3 al menos un mill\u00f3n 570 mil pasajeros en el mes de marzo, a un a\u00f1o de haberse declarado pandemia mundial. El a\u00f1o pasado el destino tur\u00edstico fue abruptamente golpeado por la escasez de trabajo debido a que el turismo estaba pr\u00e1cticamente prohibido.<\/p>\n<p>Del mill\u00f3n y medio de turistas recibidos el mes pasado el menos 878 mil fueron extranjeros y 692 mil comprende turismo mexicano que eligi\u00f3 a Canc\u00fan como destino para pasar sus vacaciones de Semana Santa.<\/p>\n<p>La cifra ha sido de las m\u00e1s altas posterior a la pandemia, noticia que beneficia al sector tur\u00edstico y al destino por su derrama econ\u00f3mica. Sin embargo, se especula que pueda haber un repunte en casos de Covid-19, por lo que se exhorta a la poblaci\u00f3n a seguir con los protocolos de higiene y continuar con el uso de cubre bocas.<\/p>\n<p>A pesar de que algunos pa\u00edses han restringido vuelos internacionales o la llegada de extranjeros, la mayor\u00eda de los visitantes de Canc\u00fan siguen siendo de otros pa\u00edses, siendo la minor\u00eda mexicanos.<\/p>\n<p>Tan solo el pasado 29 de marzo la Secretar\u00eda de Turismo de Quintana Roo (<a href=\"https:\/\/twitter.com\/SedeturQROO?ref_src=twsrc%5Etfw%7Ctwcamp%5Etweetembed%7Ctwterm%5E1377277732803993607%7Ctwgr%5E%7Ctwcon%5Es1_&amp;ref_url=https%3A%2F%2Fcancunissimo.mx%2Fen-semana-santa-cancun-supera-el-60-de-ocupacion%2F\" target=\"_blank\" rel=\"noreferrer noopener\">SEDETUR<\/a>) inform\u00f3 Quintana Roo recibi\u00f3 un total de 108, 825 turistas, por lo que es evidente el aumento a inicios del mes de abril.<\/p>\n<p>Por su parte, el secretario de turismo federal, Miguel Torruco Marqu\u00e9s,\u00a0<a href=\"https:\/\/cancunissimo.mx\/en-semana-santa-cancun-supera-el-60-de-ocupacion\/\">estim\u00f3<\/a>\u00a0en un comunicado de prensa una ocupaci\u00f3n para el destino en esta temporada de Semana Santa y Pascua del 58%.<\/p>\n","protected":false},"excerpt":{"rendered":"<p>Tras un a\u00f1o de haberse desatado la pandemia por Covid-19, el turismo en Canc\u00fan comienza a repuntar en el destino. De acuerdo a informaci\u00f3n del Grupo Aeroportuario del Sureste (ASUR) Canc\u00fan recibi\u00f3 al menos un mill\u00f3n 570 mil pasajeros en el mes de marzo, a un a\u00f1o de haberse declarado pandemia mundial. El a\u00f1o pasado [&hellip;]<\/p>\n","protected":false},"author":1,"featured_media":2722,"comment_status":"open","ping_status":"open","sticky":false,"template":"","format":"standard","meta":{"footnotes":""},"categories":[12],"tags":[],"class_list":["post-2721","post","type-post","status-publish","format-standard","has-post-thumbnail","hentry","category-sin-categoria"],"_links":{"self":[{"href":"https:\/\/podernacional.com\/index.php?rest_route=\/wp\/v2\/posts\/2721","targetHints":{"allow":["GET"]}}],"collection":[{"href":"https:\/\/podernacional.com\/index.php?rest_route=\/wp\/v2\/posts"}],"about":[{"href":"https:\/\/podernacional.com\/index.php?rest_route=\/wp\/v2\/types\/post"}],"author":[{"embeddable":true,"href":"https:\/\/podernacional.com\/index.php?rest_route=\/wp\/v2\/users\/1"}],"replies":[{"embeddable":true,"href":"https:\/\/podernacional.com\/index.php?rest_route=%2Fwp%2Fv2%2Fcomments&post=2721"}],"version-history":[{"count":0,"href":"https:\/\/podernacional.com\/index.php?rest_route=\/wp\/v2\/posts\/2721\/revisions"}],"wp:featuredmedia":[{"embeddable":true,"href":"https:\/\/podernacional.com\/index.php?rest_route=\/wp\/v2\/media\/2722"}],"wp:attachment":[{"href":"https:\/\/podernacional.com\/index.php?rest_route=%2Fwp%2Fv2%2Fmedia&parent=2721"}],"wp:term":[{"taxonomy":"category","embeddable":true,"href":"https:\/\/podernacional.com\/index.php?rest_route=%2Fwp%2Fv2%2Fcategories&post=2721"},{"taxonomy":"post_tag","embeddable":true,"href":"https:\/\/podernacional.com\/index.php?rest_route=%2Fwp%2Fv2%2Ftags&post=2721"}],"curies":[{"name":"wp","href":"https:\/\/api.w.org\/{rel}","templated":true}]}}