{"id":2744,"date":"2021-04-14T12:03:39","date_gmt":"2021-04-14T12:03:39","guid":{"rendered":"https:\/\/whatsappcancun.com\/?p=2744"},"modified":"2021-04-14T12:03:39","modified_gmt":"2021-04-14T12:03:39","slug":"ni-siquiera-se-que-haya-fortuna-anel","status":"publish","type":"post","link":"https:\/\/podernacional.com\/?p=2744","title":{"rendered":"&#8216;Ni siquiera s\u00e9 que haya fortuna&#8217;.- Anel"},"content":{"rendered":"<div id=\"Bloque_IN_PrimerTexto\">\n<p class=\"textoMovil\">Quedaron muy atr\u00e1s los lujos que Ana Elena Nore\u00f1a Grass, mejor conocida como Anel, goz\u00f3 con Jos\u00e9 Jos\u00e9, el \u00abPr\u00edncipe de la Canci\u00f3n\u00bb.<\/p>\n<\/div>\n<div id=\"Bloque_IN_SegundoTexto\">\n<p class=\"textoMovil\">Declarada heredera universal y albacea del fallecido \u00eddolo, Anel vive con lo necesario.<\/p>\n<p>\u00abMi situaci\u00f3n econ\u00f3mica cambi\u00f3 much\u00edsimo. Las marcas, la ropa y todo el esplendor de la familia de la artista n\u00famero uno de M\u00e9xico&#8230; eso se qued\u00f3 en mi coraz\u00f3n\u00bb, dice, en entrevista.<\/p>\n<p>De 76 a\u00f1os, Anel se mantiene actualmente con celebraciones pagadas con un programa de revista, y lleva una vida modesta en un departamento.<\/p>\n<\/div>\n<div id=\"Bloque_IN_Publicidad\" class=\"container_publicidad\">\n<div id=\"div_utif_Bloque_IN_Publicidad\">\u00abNinguno\u00bb, responde cuando se le pregunta si tiene lujos.<\/div>\n<\/div>\n<div id=\"Bloque_IN_TercerTexto\">\n<p class=\"textoMovil\">\nLa pandemia, sostiene, le ense\u00f1\u00f3 que se es m\u00e1s rico cuando se necesita menos.<\/p>\n<p>Anel y sus hijos Marysol y Jos\u00e9 Joel asistieron la semana pasada a juzgados de la CDMX, donde se le dio lectura al testamento de Jos\u00e9 Jos\u00e9, con quien estuvo casada de 1976 a 1991.<\/p>\n<p>\u00abNunca nadie me hab\u00eda heredado nada. Y, la verdad, no s\u00e9 qu\u00e9 va a ser eso\u00bb, admite Anel.<\/p>\n<p>\u00abNi siquiera s\u00e9 que haya fortuna\u00bb.<\/p>\n<p>Cuando supo que su nombre estaba en el testamento, sinti\u00f3 una emoci\u00f3n tremenda.<\/p>\n<p>\u00abLa alegr\u00eda de mi coraz\u00f3n fue muy grande, porque comprob\u00e9 mi vida linda, que s\u00ed vivimos un gran amor y que trascendi\u00f3. Desde los 70, desde que lo conoc\u00ed, fue mi gran amor\u00bb.<\/p>\n<p>Mientras la parte legal hace inventarios y aval\u00faos de lo que podr\u00eda heredar, tanto bienes o posibles deudas del fallecido cantante, ella goza su momento.<\/p>\n<p>Recientemente, el abogado de Sara Sosa, tambi\u00e9n hija de Jos\u00e9 Jos\u00e9, se\u00f1al\u00f3 que el testamento de M\u00e9xico no es leg\u00edtimo en EU.<\/p>\n<p>Las leyes de Florida, donde falleci\u00f3 el cantante, consideran como heredera universal a la \u00faltima esposa del \u00eddolo,Sara Salazar, explic\u00f3 el jurista.<\/p>\n<p>\u00abEse abogado se port\u00f3 muy grosero con las leyes de mi pa\u00eds, y se me hace que ni es licenciado\u00bb, critica Anel.<\/p>\n<\/div>\n","protected":false},"excerpt":{"rendered":"<p>Quedaron muy atr\u00e1s los lujos que Ana Elena Nore\u00f1a Grass, mejor conocida como Anel, goz\u00f3 con Jos\u00e9 Jos\u00e9, el \u00abPr\u00edncipe de la Canci\u00f3n\u00bb. Declarada heredera universal y albacea del fallecido \u00eddolo, Anel vive con lo necesario. \u00abMi situaci\u00f3n econ\u00f3mica cambi\u00f3 much\u00edsimo. Las marcas, la ropa y todo el esplendor de la familia de la artista [&hellip;]<\/p>\n","protected":false},"author":1,"featured_media":2745,"comment_status":"open","ping_status":"open","sticky":false,"template":"","format":"standard","meta":{"footnotes":""},"categories":[12],"tags":[],"class_list":["post-2744","post","type-post","status-publish","format-standard","has-post-thumbnail","hentry","category-sin-categoria"],"_links":{"self":[{"href":"https:\/\/podernacional.com\/index.php?rest_route=\/wp\/v2\/posts\/2744","targetHints":{"allow":["GET"]}}],"collection":[{"href":"https:\/\/podernacional.com\/index.php?rest_route=\/wp\/v2\/posts"}],"about":[{"href":"https:\/\/podernacional.com\/index.php?rest_route=\/wp\/v2\/types\/post"}],"author":[{"embeddable":true,"href":"https:\/\/podernacional.com\/index.php?rest_route=\/wp\/v2\/users\/1"}],"replies":[{"embeddable":true,"href":"https:\/\/podernacional.com\/index.php?rest_route=%2Fwp%2Fv2%2Fcomments&post=2744"}],"version-history":[{"count":0,"href":"https:\/\/podernacional.com\/index.php?rest_route=\/wp\/v2\/posts\/2744\/revisions"}],"wp:featuredmedia":[{"embeddable":true,"href":"https:\/\/podernacional.com\/index.php?rest_route=\/wp\/v2\/media\/2745"}],"wp:attachment":[{"href":"https:\/\/podernacional.com\/index.php?rest_route=%2Fwp%2Fv2%2Fmedia&parent=2744"}],"wp:term":[{"taxonomy":"category","embeddable":true,"href":"https:\/\/podernacional.com\/index.php?rest_route=%2Fwp%2Fv2%2Fcategories&post=2744"},{"taxonomy":"post_tag","embeddable":true,"href":"https:\/\/podernacional.com\/index.php?rest_route=%2Fwp%2Fv2%2Ftags&post=2744"}],"curies":[{"name":"wp","href":"https:\/\/api.w.org\/{rel}","templated":true}]}}