{"id":2778,"date":"2021-05-09T11:37:40","date_gmt":"2021-05-09T11:37:40","guid":{"rendered":"https:\/\/whatsappcancun.com\/?p=2778"},"modified":"2021-05-09T11:37:40","modified_gmt":"2021-05-09T11:37:40","slug":"comienza-la-vacunacion-de-personas-de-50-a-59-anos-en-la-alcaldia-cuauhtemoc","status":"publish","type":"post","link":"https:\/\/podernacional.com\/?p=2778","title":{"rendered":"Comienza la vacunaci\u00f3n de personas de 50 a 59 a\u00f1os en la alcald\u00eda Cuauht\u00e9moc"},"content":{"rendered":"<p>Del 11 al 15 de mayo se aplicar\u00e1 la primera dosis de la vacuna Pfizer-Biontech contra el covid-19 a las personas de 50 a 59 a\u00f1os en la alcald\u00eda Cuauht\u00e9moc.<\/p>\n<div id=\"mvp-post-info-wrap\" class=\"left relative\">\n<div id=\"mvp-post-info-bot\" class=\"right relative\">\n<p><strong>M\u00c9XICO.<\/strong>\u2013 Del 11 al 15 de mayo se aplicar\u00e1 la primera dosis de la vacuna Pfizer-Biontech contra el covid-19 a las personas de 50 a 59 a\u00f1os en la alcald\u00eda\u00a0<strong>Cuauht\u00e9moc<\/strong>.<\/p>\n<div id=\"horas-681c5391b30063b0d7d7b09479781e5b\" class=\"horas-681c5391b30063b0d7d7b09479781e5b horas-content_2\"><\/div>\n<p>Las sedes ser\u00e1n la Biblioteca Vasconcelos y la Escuela Primaria Benito Ju\u00e1rez donde habr\u00e1 61 c\u00e9lulas de vacunaci\u00f3n con una capacidad diaria de\u00a0<strong>nueve mil 760 dosis<\/strong>\u00a0por sede.<\/p>\n<div class=\"twitter-tweet twitter-tweet-rendered\"><iframe id=\"twitter-widget-0\" class=\"\" title=\"Twitter Tweet\" src=\"https:\/\/platform.twitter.com\/embed\/Tweet.html?dnt=false&amp;embedId=twitter-widget-0&amp;features=eyJ0ZndfZXhwZXJpbWVudHNfY29va2llX2V4cGlyYXRpb24iOnsiYnVja2V0IjoxMjA5NjAwLCJ2ZXJzaW9uIjpudWxsfSwidGZ3X2hvcml6b25fdHdlZXRfZW1iZWRfOTU1NSI6eyJidWNrZXQiOiJodGUiLCJ2ZXJzaW9uIjpudWxsfX0%3D&amp;frame=false&amp;hideCard=false&amp;hideThread=false&amp;id=1391082349081792515&amp;lang=es&amp;origin=https%3A%2F%2Fwww.24horasqroo.mx%2Fnacional%2Fcomienza-la-vacunacion-de-personas-de-50-a-59-anos-en-la-alcaldia-cuauhtemoc%2F&amp;sessionId=92aa332d878537cf12320988bdb3ec467bdab56b&amp;theme=light&amp;widgetsVersion=82e1070%3A1619632193066&amp;width=550px\" frameborder=\"0\" scrolling=\"no\" allowfullscreen=\"allowfullscreen\" data-tweet-id=\"1391082349081792515\" data-mce-fragment=\"1\"><\/iframe><\/div>\n<p>&nbsp;<\/p>\n<p>Claudia Sheinbaum, jefa de gobierno de la CDMX detall\u00f3 que la selecci\u00f3n de esta alcald\u00eda corresponde al n\u00famero de dosis disponibles de la vacuna de\u00a0<strong>Pfizer<\/strong>.<\/p>\n<div id=\"horas-a6ccd66dc0bf1d4ed42500c59a7dde7e\" class=\"horas-a6ccd66dc0bf1d4ed42500c59a7dde7e horas-content\"><\/div>\n<p>La poblaci\u00f3n objetivo es de\u00a0<strong>77 mil 222 personas<\/strong>\u00a0y podr\u00e1n revisar el d\u00eda y la hora de la cita a trav\u00e9s del portal vacunacion.cdmx.gob.mx<\/p>\n<\/div>\n<\/div>\n","protected":false},"excerpt":{"rendered":"<p>Del 11 al 15 de mayo se aplicar\u00e1 la primera dosis de la vacuna Pfizer-Biontech contra el covid-19 a las personas de 50 a 59 a\u00f1os en la alcald\u00eda Cuauht\u00e9moc. M\u00c9XICO.\u2013 Del 11 al 15 de mayo se aplicar\u00e1 la primera dosis de la vacuna Pfizer-Biontech contra el covid-19 a las personas de 50 a [&hellip;]<\/p>\n","protected":false},"author":1,"featured_media":2779,"comment_status":"open","ping_status":"open","sticky":false,"template":"","format":"standard","meta":{"footnotes":""},"categories":[7],"tags":[],"class_list":["post-2778","post","type-post","status-publish","format-standard","has-post-thumbnail","hentry","category-nacional"],"_links":{"self":[{"href":"https:\/\/podernacional.com\/index.php?rest_route=\/wp\/v2\/posts\/2778","targetHints":{"allow":["GET"]}}],"collection":[{"href":"https:\/\/podernacional.com\/index.php?rest_route=\/wp\/v2\/posts"}],"about":[{"href":"https:\/\/podernacional.com\/index.php?rest_route=\/wp\/v2\/types\/post"}],"author":[{"embeddable":true,"href":"https:\/\/podernacional.com\/index.php?rest_route=\/wp\/v2\/users\/1"}],"replies":[{"embeddable":true,"href":"https:\/\/podernacional.com\/index.php?rest_route=%2Fwp%2Fv2%2Fcomments&post=2778"}],"version-history":[{"count":0,"href":"https:\/\/podernacional.com\/index.php?rest_route=\/wp\/v2\/posts\/2778\/revisions"}],"wp:featuredmedia":[{"embeddable":true,"href":"https:\/\/podernacional.com\/index.php?rest_route=\/wp\/v2\/media\/2779"}],"wp:attachment":[{"href":"https:\/\/podernacional.com\/index.php?rest_route=%2Fwp%2Fv2%2Fmedia&parent=2778"}],"wp:term":[{"taxonomy":"category","embeddable":true,"href":"https:\/\/podernacional.com\/index.php?rest_route=%2Fwp%2Fv2%2Fcategories&post=2778"},{"taxonomy":"post_tag","embeddable":true,"href":"https:\/\/podernacional.com\/index.php?rest_route=%2Fwp%2Fv2%2Ftags&post=2778"}],"curies":[{"name":"wp","href":"https:\/\/api.w.org\/{rel}","templated":true}]}}