{"id":2781,"date":"2021-05-09T11:45:10","date_gmt":"2021-05-09T11:45:10","guid":{"rendered":"https:\/\/whatsappcancun.com\/?p=2781"},"modified":"2021-05-09T11:45:10","modified_gmt":"2021-05-09T11:45:10","slug":"triste-noticia-para-vans-fallece-su-cofundador-paul-van-doren","status":"publish","type":"post","link":"https:\/\/podernacional.com\/?p=2781","title":{"rendered":"Triste noticia para \u201cVans\u201d, fallece su cofundador Paul Van Doren"},"content":{"rendered":"<p>La empresa anunci\u00f3 la muerte de Van Doren a trav\u00e9s de su red social. Sin embargo, no se proporcionaron m\u00e1s detalles sobre la causa de la muerte.<\/p>\n<div id=\"mvp-post-info-wrap\" class=\"left relative\">\n<div id=\"mvp-post-info-bot\" class=\"right relative\">\n<p><b>Paul Van Doren,<\/b>\u00a0cofundador de la empresa\u00a0<b>Vans<\/b>, falleci\u00f3 el viernes a sus 90 a\u00f1os.<\/p>\n<div id=\"horas-10846bda038543845e7cb2e5ed0dbba4\" class=\"horas-10846bda038543845e7cb2e5ed0dbba4 horas-content_2\"><\/div>\n<p>La empresa anunci\u00f3 la muerte de\u00a0<strong>Van Doren<\/strong>\u00a0a trav\u00e9s de su red social. Sin embargo, no se proporcionaron m\u00e1s detalles sobre la\u00a0<strong>causa de la muerte.\u00a0<\/strong><\/p>\n<p>\u201cCon profundo pesar en nuestros corazones, Vans anunci\u00f3 la muerte de nuestro cofundador Paul Van Doren\u201d,\u00a0<strong>escribi\u00f3 el tuit.<\/strong><\/p>\n<div id=\"horas-5f6b07faafe6be78d57918c34504ca9f\" class=\"horas-5f6b07faafe6be78d57918c34504ca9f horas-content\"><\/div>\n<div class=\"twitter-tweet twitter-tweet-rendered\"><iframe id=\"twitter-widget-0\" class=\"\" title=\"Twitter Tweet\" src=\"https:\/\/platform.twitter.com\/embed\/Tweet.html?dnt=false&amp;embedId=twitter-widget-0&amp;features=eyJ0ZndfZXhwZXJpbWVudHNfY29va2llX2V4cGlyYXRpb24iOnsiYnVja2V0IjoxMjA5NjAwLCJ2ZXJzaW9uIjpudWxsfSwidGZ3X2hvcml6b25fdHdlZXRfZW1iZWRfOTU1NSI6eyJidWNrZXQiOiJodGUiLCJ2ZXJzaW9uIjpudWxsfX0%3D&amp;frame=false&amp;hideCard=false&amp;hideThread=false&amp;id=1390729426913087490&amp;lang=es&amp;origin=https%3A%2F%2Fwww.24horasqroo.mx%2Fmundo%2Ftriste-noticia-para-vans-fallece-su-cofundador-paul-van-doren%2F&amp;sessionId=cb885a860892ed8bf7bef852f37b9f40d9296217&amp;theme=light&amp;widgetsVersion=82e1070%3A1619632193066&amp;width=550px\" frameborder=\"0\" scrolling=\"no\" allowfullscreen=\"allowfullscreen\" data-tweet-id=\"1390729426913087490\" data-mce-fragment=\"1\"><\/iframe><\/div>\n<p>&nbsp;<\/p>\n<p>En otra publicaci\u00f3n, Vans se despidi\u00f3 de esta manera:<\/p>\n<blockquote><p>\u201cEs con el coraz\u00f3n afligido que Vans anuncia la muerte de su cofundador Paul Van Doren.<\/p>\n<p>Paul no solo era un emprendedor, era un pionero. La Van Doren Rubber Company fue la culminaci\u00f3n a una vida de experimentos y trabajo duro en la industria del calzado. Como Paul, desde el primer d\u00eda del negocio, Vans ha sido innovadora y \u00fanica. Por ejemplo, cuando abri\u00f3 la primera tienda de zapatillas, no hab\u00eda tiendas espec\u00edficas solo para sneakers.<\/p>\n<p>As\u00ed, los experimentos de Paul en el dise\u00f1o del producto, la distribuci\u00f3n, el marketing y su habilidad con los n\u00fameros y una eficiencia de genio convirtieron un negocio familiar de zapatillas en una historia de \u00e9xito de todos los americanos.<\/p>\n<p>Descubierta a finales de los 60\u2019s por los surfistas y luego los skaters, se hizo realmente famosa en el film Fast Times at Ridgemont High y ahora es una marca reconocida a nivel global, sin\u00f3nimo en todo el mundo del esp\u00edritu creativo del sur de California. No es un mal legado para un ni\u00f1o de familia obrera que no termin\u00f3 la secundaria.<\/p>\n<p>Desde aqu\u00ed enviamos todo nuestro amor y fuerza a la familia Van Doren y a los incontables miembros de la familia Vans que han contribuido al legado de Paul. Gracias por todo Paul. Se te echar\u00e1 mucho de menos\u201d.<\/p><\/blockquote>\n<p>&nbsp;<\/p>\n<p><iframe id=\"instagram-embed-0\" class=\"instagram-media instagram-media-rendered\" src=\"https:\/\/www.instagram.com\/p\/COlMFzWBg93\/embed\/captioned\/?cr=1&amp;v=13&amp;wp=540&amp;rd=https%3A%2F%2Fwww.24horasqroo.mx&amp;rp=%2Fmundo%2Ftriste-noticia-para-vans-fallece-su-cofundador-paul-van-doren%2F#%7B%22ci%22%3A0%2C%22os%22%3A1846.1499999975786%7D\" height=\"959\" frameborder=\"0\" scrolling=\"no\" allowfullscreen=\"allowfullscreen\" data-instgrm-payload-id=\"instagram-media-payload-0\" data-mce-fragment=\"1\"><\/iframe>&nbsp;<\/p>\n<p>&nbsp;<\/p>\n<p>&nbsp;<\/p>\n<\/div>\n<\/div>\n","protected":false},"excerpt":{"rendered":"<p>La empresa anunci\u00f3 la muerte de Van Doren a trav\u00e9s de su red social. Sin embargo, no se proporcionaron m\u00e1s detalles sobre la causa de la muerte. Paul Van Doren,\u00a0cofundador de la empresa\u00a0Vans, falleci\u00f3 el viernes a sus 90 a\u00f1os. La empresa anunci\u00f3 la muerte de\u00a0Van Doren\u00a0a trav\u00e9s de su red social. Sin embargo, no [&hellip;]<\/p>\n","protected":false},"author":1,"featured_media":2782,"comment_status":"open","ping_status":"open","sticky":false,"template":"","format":"standard","meta":{"footnotes":""},"categories":[5],"tags":[],"class_list":["post-2781","post","type-post","status-publish","format-standard","has-post-thumbnail","hentry","category-internacional"],"_links":{"self":[{"href":"https:\/\/podernacional.com\/index.php?rest_route=\/wp\/v2\/posts\/2781","targetHints":{"allow":["GET"]}}],"collection":[{"href":"https:\/\/podernacional.com\/index.php?rest_route=\/wp\/v2\/posts"}],"about":[{"href":"https:\/\/podernacional.com\/index.php?rest_route=\/wp\/v2\/types\/post"}],"author":[{"embeddable":true,"href":"https:\/\/podernacional.com\/index.php?rest_route=\/wp\/v2\/users\/1"}],"replies":[{"embeddable":true,"href":"https:\/\/podernacional.com\/index.php?rest_route=%2Fwp%2Fv2%2Fcomments&post=2781"}],"version-history":[{"count":0,"href":"https:\/\/podernacional.com\/index.php?rest_route=\/wp\/v2\/posts\/2781\/revisions"}],"wp:featuredmedia":[{"embeddable":true,"href":"https:\/\/podernacional.com\/index.php?rest_route=\/wp\/v2\/media\/2782"}],"wp:attachment":[{"href":"https:\/\/podernacional.com\/index.php?rest_route=%2Fwp%2Fv2%2Fmedia&parent=2781"}],"wp:term":[{"taxonomy":"category","embeddable":true,"href":"https:\/\/podernacional.com\/index.php?rest_route=%2Fwp%2Fv2%2Fcategories&post=2781"},{"taxonomy":"post_tag","embeddable":true,"href":"https:\/\/podernacional.com\/index.php?rest_route=%2Fwp%2Fv2%2Ftags&post=2781"}],"curies":[{"name":"wp","href":"https:\/\/api.w.org\/{rel}","templated":true}]}}