{"id":2798,"date":"2021-05-15T13:56:38","date_gmt":"2021-05-15T13:56:38","guid":{"rendered":"https:\/\/whatsappcancun.com\/?p=2798"},"modified":"2021-05-15T13:56:38","modified_gmt":"2021-05-15T13:56:38","slug":"intocable-inaugura-conciertos-en-monterrey","status":"publish","type":"post","link":"https:\/\/podernacional.com\/?p=2798","title":{"rendered":"Intocable inaugura conciertos en Monterrey"},"content":{"rendered":"<p>Luego de meses sin conciertos en\u00a0<strong>Nuevo Le\u00f3n<\/strong>\u00a0por la pandemia del\u00a0<strong>Covid-19<\/strong>, este jueves 13 de mayo el grupo\u00a0<strong>Intocable<\/strong>\u00a0inaugur\u00f3 el regreso de los eventos masivos por la nueva normalidad; sin embargo, algunos asistentes pagaron m\u00e1s de\u00a0<strong>11 mil pesos<\/strong>\u00a0para un\u00a0<strong>Palco VIP.<\/strong><\/p>\n<div id=\"horas-18f9c3d6bc8f56ae46e458766e546ea5\" class=\"horas-18f9c3d6bc8f56ae46e458766e546ea5 horas-content_2\"><\/div>\n<p>Con un escenario al aire libre, los regios acudieron al primero de tres conciertos que ofrecer\u00e1 el grupo norte\u00f1o.<\/p>\n<p>Para el ingreso al\u00a0<strong>Parque Fundidora,<\/strong>\u00a0en donde se llev\u00f3 a cabo el concierto, se llevaron a cabo los protocolos sanitarios como la toma de temperatura, gel antibacterial, tapetes sanitizantes y el uso obligatorio de cubrebocas.<\/p>\n<div id=\"horas-91ae45d764065c73f3c227343c082504\" class=\"horas-91ae45d764065c73f3c227343c082504 horas-content\"><\/div>\n<h3><strong>M\u00c1S DE 11 MIL PESOS POR PALCOS VIP<\/strong><\/h3>\n<p>A pesar de que es de los primeros eventos masivos en Monterrey tras la pandemia, los asistentes pagaron mucho dinero por un\u00a0<strong>Palco VIP<\/strong>, cuando en su momento se vivi\u00f3 -y a\u00fan hay- una crisis econ\u00f3mica por el Covid-19.<\/p>\n<p>De acuerdo a la tabla de boletaje, un lugar para este Palco se vende en<strong>\u00a0mil 900 pesos<\/strong>; sin embargo, existe una capacidad m\u00e1xima de seis personas. Por esta raz\u00f3n, una familia con 6 integrantes tuvo que haber pagado alrededor de\u00a0<strong>11 mil 400 pesos<\/strong>\u00a0para la zona exclusiva.<br \/>\n<iframe loading=\"lazy\" class=\"lazyloaded\" src=\"https:\/\/www.facebook.com\/plugins\/video.php?href=https%3A%2F%2Fwww.facebook.com%2Fgrupointocable%2Fvideos%2F822376721747500%2F&amp;show_text=0&amp;width=560\" width=\"560\" height=\"315\" frameborder=\"0\" scrolling=\"no\" allowfullscreen=\"allowfullscreen\" data-rocket-lazyload=\"fitvidscompatible\" data-ll-status=\"loaded\" data-mce-fragment=\"1\"><\/iframe><\/p>\n<p>En tanto, los precios m\u00e1s baratos para asistir al concierto rondan de 550 a 650 pesos.<\/p>\n<p>De acuerdo a la p\u00e1gina del grupo Intocable en Facebook, en un principio se llevar\u00edan a cabo dos conciertos el 14 y 15 de mayo, pero tras darse a conocer que los boletos se hab\u00edan agotado para estas fechas, se abri\u00f3 una m\u00e1s el d\u00eda 13 de mayo.<br \/>\n<iframe loading=\"lazy\" class=\"lazyloaded\" src=\"https:\/\/www.facebook.com\/plugins\/post.php?href=https%3A%2F%2Fwww.facebook.com%2Fgrupointocable%2Fposts%2F304953494334735&amp;show_text=true&amp;width=500\" width=\"500\" height=\"590\" frameborder=\"0\" scrolling=\"no\" allowfullscreen=\"allowfullscreen\" data-rocket-lazyload=\"fitvidscompatible\" data-ll-status=\"loaded\" data-mce-fragment=\"1\"><\/iframe><\/p>\n<p>&nbsp;<\/p>\n","protected":false},"excerpt":{"rendered":"<p>Luego de meses sin conciertos en\u00a0Nuevo Le\u00f3n\u00a0por la pandemia del\u00a0Covid-19, este jueves 13 de mayo el grupo\u00a0Intocable\u00a0inaugur\u00f3 el regreso de los eventos masivos por la nueva normalidad; sin embargo, algunos asistentes pagaron m\u00e1s de\u00a011 mil pesos\u00a0para un\u00a0Palco VIP. Con un escenario al aire libre, los regios acudieron al primero de tres conciertos que ofrecer\u00e1 el [&hellip;]<\/p>\n","protected":false},"author":1,"featured_media":2799,"comment_status":"open","ping_status":"open","sticky":false,"template":"","format":"standard","meta":{"footnotes":""},"categories":[12],"tags":[],"class_list":["post-2798","post","type-post","status-publish","format-standard","has-post-thumbnail","hentry","category-sin-categoria"],"_links":{"self":[{"href":"https:\/\/podernacional.com\/index.php?rest_route=\/wp\/v2\/posts\/2798","targetHints":{"allow":["GET"]}}],"collection":[{"href":"https:\/\/podernacional.com\/index.php?rest_route=\/wp\/v2\/posts"}],"about":[{"href":"https:\/\/podernacional.com\/index.php?rest_route=\/wp\/v2\/types\/post"}],"author":[{"embeddable":true,"href":"https:\/\/podernacional.com\/index.php?rest_route=\/wp\/v2\/users\/1"}],"replies":[{"embeddable":true,"href":"https:\/\/podernacional.com\/index.php?rest_route=%2Fwp%2Fv2%2Fcomments&post=2798"}],"version-history":[{"count":0,"href":"https:\/\/podernacional.com\/index.php?rest_route=\/wp\/v2\/posts\/2798\/revisions"}],"wp:featuredmedia":[{"embeddable":true,"href":"https:\/\/podernacional.com\/index.php?rest_route=\/wp\/v2\/media\/2799"}],"wp:attachment":[{"href":"https:\/\/podernacional.com\/index.php?rest_route=%2Fwp%2Fv2%2Fmedia&parent=2798"}],"wp:term":[{"taxonomy":"category","embeddable":true,"href":"https:\/\/podernacional.com\/index.php?rest_route=%2Fwp%2Fv2%2Fcategories&post=2798"},{"taxonomy":"post_tag","embeddable":true,"href":"https:\/\/podernacional.com\/index.php?rest_route=%2Fwp%2Fv2%2Ftags&post=2798"}],"curies":[{"name":"wp","href":"https:\/\/api.w.org\/{rel}","templated":true}]}}