{"id":2811,"date":"2021-06-12T15:34:30","date_gmt":"2021-06-12T15:34:30","guid":{"rendered":"https:\/\/whatsappcancun.com\/?p=2811"},"modified":"2021-06-12T15:34:30","modified_gmt":"2021-06-12T15:34:30","slug":"darnella-frazier-galardonada-en-los-premios-pulitzer-por-el-video-del-asesinato-de-george-floyd","status":"publish","type":"post","link":"https:\/\/podernacional.com\/?p=2811","title":{"rendered":"Darnella Frazier galardonada en los Premios Pulitzer por el video del asesinato de George Floyd"},"content":{"rendered":"<header id=\"mvp-post-head\" class=\"left relative\">La joven Darnella Frazier fue galardonada con el Pulitzer especial por el video de la detenci\u00f3n y muerte de George Floyd, el caso que indign\u00f3 a Estados Unidos y al mundo<\/p>\n<\/header>\n<section id=\"mvp-content-main\" class=\"post-145971 post type-post status-publish format-standard has-post-thumbnail hentry category-mundo\">\n<div id=\"tps_slideContainer_145971\" class=\"theiaPostSlider_slides\">\n<div class=\"theiaPostSlider_preloadedSlide\">\n<p>Se han dado a conocer a los galardonados del Premios Pulitzer de este a\u00f1o y destacan coberturas como el asesinato de George Floyd y la pandemia de COVID-19 que han sido de las noticias que han sido parte de los titulares en los \u00faltimos 12 meses.<\/p>\n<div id=\"horas-546e8938c5634ce7745c7a77de313008\" class=\"horas-546e8938c5634ce7745c7a77de313008 horas-content_2\"><\/div>\n<p>En la categor\u00eda de Premio Pulitzer especial se lo llev\u00f3\u00a0<strong>Darnella Frazier<\/strong>, la adolescente que grab\u00f3 la detenci\u00f3n y asesinato de\u00a0<strong>George Floyd<\/strong>\u00a0en Mine\u00e1polis.<\/p>\n<p>En el portal se puede leer. \u201cPor grabar con valent\u00eda el asesinato de\u00a0<strong>George Floyd<\/strong>, un video que provoc\u00f3 protestas contra la brutalidad policial en todo el mundo, destacando el papel crucial de los ciudadanos en la b\u00fasqueda de la verdad y la justicia por parte de los periodistas\u201d.<\/p>\n<p><strong>Darnella Frazier<\/strong>, de 17 a\u00f1os, fue reconocida en la ceremonia en la que se anunciaron los prestigiosos premios de periodismo 2021 por su \u201cvaliente\u201d informe sobre el asesinato de Floyd en mayo de 2020, a manos de un oficial de polic\u00eda de Minneapolis.<\/p>\n<p>Por su parte la agencia AP se llev\u00f3 el galard\u00f3n Breaking News Photography por las fotograf\u00edas que tomaron<strong>\u00a0Hassan Ammar, Hussein Malla<\/strong>\u00a0y\u00a0<strong>Felipe Dana<\/strong>\u00a0en distintas ciudades de Estados Unidos en las que se protest\u00f3 por la muerte de George Floyd.<\/p>\n<p>De la misma agencia pero cubriendo otra noticia,\u00a0<strong>Emilio Morenatti<\/strong>\u00a0se llev\u00f3 el reconocimiento a Mejor Reportaje Fotogr\u00e1fico en la que retrat\u00f3 a personas de la tercera edad en medio de la pandemia de COVID-19 en Espa\u00f1a, uno de los pa\u00edses m\u00e1s golpeados por este virus.<\/p>\n<p>&nbsp;<\/p>\n<div class=\"rll-youtube-player\" data-src=\"https:\/\/www.youtube.com\/embed\/kQ_0PAVpQoU\" data-id=\"kQ_0PAVpQoU\" data-query=\"\">\n<div data-id=\"kQ_0PAVpQoU\" data-query=\"\" data-src=\"https:\/\/www.youtube.com\/embed\/kQ_0PAVpQoU\"><img loading=\"lazy\" decoding=\"async\" class=\"lazyloaded\" src=\"https:\/\/i.ytimg.com\/vi\/kQ_0PAVpQoU\/hqdefault.jpg\" alt=\"\" width=\"480\" height=\"360\" data-ll-status=\"loaded\" \/><\/div>\n<div data-id=\"kQ_0PAVpQoU\" data-query=\"\" data-src=\"https:\/\/www.youtube.com\/embed\/kQ_0PAVpQoU\">.<\/div>\n<\/div>\n<\/div>\n<\/div>\n<\/section>\n","protected":false},"excerpt":{"rendered":"<p>La joven Darnella Frazier fue galardonada con el Pulitzer especial por el video de la detenci\u00f3n y muerte de George Floyd, el caso que indign\u00f3 a Estados Unidos y al mundo Se han dado a conocer a los galardonados del Premios Pulitzer de este a\u00f1o y destacan coberturas como el asesinato de George Floyd y [&hellip;]<\/p>\n","protected":false},"author":1,"featured_media":2812,"comment_status":"open","ping_status":"closed","sticky":false,"template":"","format":"standard","meta":{"footnotes":""},"categories":[5],"tags":[],"class_list":["post-2811","post","type-post","status-publish","format-standard","has-post-thumbnail","hentry","category-internacional"],"_links":{"self":[{"href":"https:\/\/podernacional.com\/index.php?rest_route=\/wp\/v2\/posts\/2811","targetHints":{"allow":["GET"]}}],"collection":[{"href":"https:\/\/podernacional.com\/index.php?rest_route=\/wp\/v2\/posts"}],"about":[{"href":"https:\/\/podernacional.com\/index.php?rest_route=\/wp\/v2\/types\/post"}],"author":[{"embeddable":true,"href":"https:\/\/podernacional.com\/index.php?rest_route=\/wp\/v2\/users\/1"}],"replies":[{"embeddable":true,"href":"https:\/\/podernacional.com\/index.php?rest_route=%2Fwp%2Fv2%2Fcomments&post=2811"}],"version-history":[{"count":0,"href":"https:\/\/podernacional.com\/index.php?rest_route=\/wp\/v2\/posts\/2811\/revisions"}],"wp:featuredmedia":[{"embeddable":true,"href":"https:\/\/podernacional.com\/index.php?rest_route=\/wp\/v2\/media\/2812"}],"wp:attachment":[{"href":"https:\/\/podernacional.com\/index.php?rest_route=%2Fwp%2Fv2%2Fmedia&parent=2811"}],"wp:term":[{"taxonomy":"category","embeddable":true,"href":"https:\/\/podernacional.com\/index.php?rest_route=%2Fwp%2Fv2%2Fcategories&post=2811"},{"taxonomy":"post_tag","embeddable":true,"href":"https:\/\/podernacional.com\/index.php?rest_route=%2Fwp%2Fv2%2Ftags&post=2811"}],"curies":[{"name":"wp","href":"https:\/\/api.w.org\/{rel}","templated":true}]}}