{"id":2814,"date":"2021-06-12T15:39:41","date_gmt":"2021-06-12T15:39:41","guid":{"rendered":"https:\/\/whatsappcancun.com\/?p=2814"},"modified":"2021-06-12T15:39:41","modified_gmt":"2021-06-12T15:39:41","slug":"vacunacion-a-colaboradores-del-sector-turistico-atraera-mas-visitantes","status":"publish","type":"post","link":"https:\/\/podernacional.com\/?p=2814","title":{"rendered":"Vacunaci\u00f3n a colaboradores del sector tur\u00edstico atraer\u00e1 m\u00e1s visitantes"},"content":{"rendered":"<header id=\"mvp-post-head\" class=\"left relative\">El sector hotelero celebr\u00f3 la autorizaci\u00f3n de la campa\u00f1a de vacunaci\u00f3n al personal de la industria tur\u00edstica en Quintana Roo y agradeci\u00f3 a las autoridades estatales las gestiones<\/p>\n<div id=\"mvp-post-info-wrap\" class=\"left relative\">\n<div id=\"mvp-post-info-bot\" class=\"right relative\"><\/div>\n<\/div>\n<\/header>\n<section id=\"mvp-content-main\" class=\"post-145949 post type-post status-publish format-standard has-post-thumbnail hentry category-turismo tag-covid-19 tag-turismo tag-vacunacion\">\n<div id=\"horas-75a165de2d62bdd55e24fe1f1eeecfa0\" class=\"horas-75a165de2d62bdd55e24fe1f1eeecfa0 horas-before-content_2\"><\/div>\n<div id=\"tps_slideContainer_145949\" class=\"theiaPostSlider_slides\">\n<div class=\"theiaPostSlider_preloadedSlide\">\n<p>El sector hotelero celebr\u00f3 la autorizaci\u00f3n de la campa\u00f1a de vacunaci\u00f3n al personal de la industria tur\u00edstica en Quintana Roo y agradeci\u00f3 a las autoridades estatales las gestiones realizadas ante el Gobierno Federal para dar inicio a este proceso de inmunizaci\u00f3n que se espera se realice antes de finalizar este mes.<\/p>\n<div id=\"horas-299cb96119fc625f51753b14821c668a\" class=\"horas-299cb96119fc625f51753b14821c668a horas-content_2\"><\/div>\n<p>En un comunicado, Toni Chaves, presidente de la Asociaci\u00f3n de Hoteles de la Riviera Maya (AHRM), tambi\u00e9n reconoci\u00f3 la labor de la Secretar\u00eda Estatal de Turismo, por darle puntual seguimiento a las solicitudes del sector hotelero para que los colaboradores del sector vayan a ser vacunados.<\/p>\n<p>\u201cEstamos seguros que la vacunaci\u00f3n del personal tur\u00edstico dar\u00e1 mayor confianza de los viajeros por visitar el Caribe Mexicano y en mayores niveles de ocupaci\u00f3n para las pr\u00f3ximas temporadas vacacionales\u201d, coment\u00f3.<\/p>\n<p>&nbsp;<\/p>\n<p>El dirigente destac\u00f3 el compromiso de los hoteleros por colaborar en la transportaci\u00f3n y la log\u00edstica de esta campa\u00f1a, en la que de acuerdo con las autoridades estatales se atender\u00e1 al menos a 24 mil trabajadores por d\u00eda.<\/p>\n<p>La inmunizaci\u00f3n abarcar\u00eda en una primera etapa a los adultos de 30 a 39 a\u00f1os de edad, entre ellos personal de primer contacto, \u00e1rea operativa y administrativa, e incluir\u00e1 a empresas transportistas y parques tur\u00edsticos, entre otras.<\/p>\n<p>De acuerdo con la delegaci\u00f3n estatal del Instituto Mexicano del Seguro Social se prev\u00e9 instalar un macrocentro de vacunaci\u00f3n en el auditorio de la Universidad La Salle y otros centros de vacunaci\u00f3n en diferentes municipios.<\/p>\n<\/div>\n<\/div>\n<\/section>\n","protected":false},"excerpt":{"rendered":"<p>El sector hotelero celebr\u00f3 la autorizaci\u00f3n de la campa\u00f1a de vacunaci\u00f3n al personal de la industria tur\u00edstica en Quintana Roo y agradeci\u00f3 a las autoridades estatales las gestiones El sector hotelero celebr\u00f3 la autorizaci\u00f3n de la campa\u00f1a de vacunaci\u00f3n al personal de la industria tur\u00edstica en Quintana Roo y agradeci\u00f3 a las autoridades estatales las [&hellip;]<\/p>\n","protected":false},"author":1,"featured_media":2815,"comment_status":"open","ping_status":"closed","sticky":false,"template":"","format":"standard","meta":{"footnotes":""},"categories":[12],"tags":[],"class_list":["post-2814","post","type-post","status-publish","format-standard","has-post-thumbnail","hentry","category-sin-categoria"],"_links":{"self":[{"href":"https:\/\/podernacional.com\/index.php?rest_route=\/wp\/v2\/posts\/2814","targetHints":{"allow":["GET"]}}],"collection":[{"href":"https:\/\/podernacional.com\/index.php?rest_route=\/wp\/v2\/posts"}],"about":[{"href":"https:\/\/podernacional.com\/index.php?rest_route=\/wp\/v2\/types\/post"}],"author":[{"embeddable":true,"href":"https:\/\/podernacional.com\/index.php?rest_route=\/wp\/v2\/users\/1"}],"replies":[{"embeddable":true,"href":"https:\/\/podernacional.com\/index.php?rest_route=%2Fwp%2Fv2%2Fcomments&post=2814"}],"version-history":[{"count":0,"href":"https:\/\/podernacional.com\/index.php?rest_route=\/wp\/v2\/posts\/2814\/revisions"}],"wp:featuredmedia":[{"embeddable":true,"href":"https:\/\/podernacional.com\/index.php?rest_route=\/wp\/v2\/media\/2815"}],"wp:attachment":[{"href":"https:\/\/podernacional.com\/index.php?rest_route=%2Fwp%2Fv2%2Fmedia&parent=2814"}],"wp:term":[{"taxonomy":"category","embeddable":true,"href":"https:\/\/podernacional.com\/index.php?rest_route=%2Fwp%2Fv2%2Fcategories&post=2814"},{"taxonomy":"post_tag","embeddable":true,"href":"https:\/\/podernacional.com\/index.php?rest_route=%2Fwp%2Fv2%2Ftags&post=2814"}],"curies":[{"name":"wp","href":"https:\/\/api.w.org\/{rel}","templated":true}]}}