{"id":2823,"date":"2021-06-14T14:02:16","date_gmt":"2021-06-14T14:02:16","guid":{"rendered":"https:\/\/whatsappcancun.com\/?p=2823"},"modified":"2021-06-14T14:02:16","modified_gmt":"2021-06-14T14:02:16","slug":"sheinbaum-responde-al-nyt-sobre-colapso-de-la-linea-12-del-metro","status":"publish","type":"post","link":"https:\/\/podernacional.com\/?p=2823","title":{"rendered":"Sheinbaum responde al NYT sobre colapso de la L\u00ednea 12 del Metro"},"content":{"rendered":"<p>La jefa de Gobierno,\u00a0<strong>Claudia Sheinbaum<\/strong>\u00a0aclar\u00f3 que nunca han utilizado filtraciones period\u00edsticas para informar a los capitalinos, esto luego de que\u00a0<strong>The New York Times<\/strong>\u00a0publicar\u00e1 un art\u00edculo sobre el colapso del tramo elevado de la\u00a0<strong>L\u00ednea 12 del Metro<\/strong>.<\/p>\n<div id=\"horas-5b70d5b1215f673cc75f0f65654a2d2e\" class=\"horas-5b70d5b1215f673cc75f0f65654a2d2e horas-content_2\"><\/div>\n<p>\u201cSobre el art\u00edculo que aparece en el NYT el d\u00eda de hoy sobre la l\u00ednea 12 y la afirmaci\u00f3n que algunos han hecho de que la informaci\u00f3n provino de el gobierno de la Ciudad aclaro categ\u00f3ricamente que nunca hemos utilizado filtraciones period\u00edsticas para informar o hacer nuestro trabajo\u201d, escribo en su cuenta de Twitter.<\/p>\n<h2>\u201cHabr\u00eda que preguntarse qu\u00e9 intereses no esclarecidos est\u00e1n detr\u00e1s de este art\u00edculo\u201d: Sheinbaum a New York Times<\/h2>\n<div id=\"horas-f74c46922bb40373a5581248614ff829\" class=\"horas-f74c46922bb40373a5581248614ff829 horas-content\"><\/div>\n<p>Enfatiz\u00f3 que dicho medio de comunicaci\u00f3n ha buscado confrontar a la Cuarta Transformaci\u00f3n (4T).<\/p>\n<p>La mandataria capitalina se\u00f1al\u00f3 que su gobierno contin\u00faa a la espera del dictamen t\u00e9cnico profesional y reitero que no es de su estilo filtrar informaci\u00f3n.<\/p>\n<p>\u201cHemos sido muy responsable en esperar los dict\u00e1menes t\u00e9cnicos profesionales. No es nuestro estilo filtrar informaci\u00f3n y nunca lo ser\u00e1. Nos caracteriza decir la verdad de forma directa sin ning\u00fan intermediario\u201d, escribi\u00f3.<\/p>\n<p>Claudia Sheinbaum indic\u00f3 que para la autoridad es de suma importancia atender a las v\u00edctimas.<\/p>\n<p>\u201cPara nosotros lo m\u00e1s importante es atender de forma integral a las v\u00edctimas como lo hemos venido haciendo y conocer las causa de forma profesional para atender lo m\u00e1s pronto posible el arreglo de la l\u00ednea 12. Las sanciones le corresponden a otras instancias\u201d.<\/p>\n<p>Por otra parte, la mandataria se\u00f1al\u00f3 que habr\u00eda que preguntarse que intereses no esclarecidos est\u00e1n detr\u00e1s del art\u00edculo.<\/p>\n<p>\u201cHabr\u00eda que preguntarse qu\u00e9 inter\u00e9s no esclarecidos est\u00e1n detr\u00e1s de este art\u00edculo\u201d.<\/p>\n","protected":false},"excerpt":{"rendered":"<p>La jefa de Gobierno,\u00a0Claudia Sheinbaum\u00a0aclar\u00f3 que nunca han utilizado filtraciones period\u00edsticas para informar a los capitalinos, esto luego de que\u00a0The New York Times\u00a0publicar\u00e1 un art\u00edculo sobre el colapso del tramo elevado de la\u00a0L\u00ednea 12 del Metro. \u201cSobre el art\u00edculo que aparece en el NYT el d\u00eda de hoy sobre la l\u00ednea 12 y la afirmaci\u00f3n [&hellip;]<\/p>\n","protected":false},"author":1,"featured_media":2824,"comment_status":"open","ping_status":"closed","sticky":false,"template":"","format":"standard","meta":{"footnotes":""},"categories":[7,9],"tags":[16,17,40,86,92],"class_list":["post-2823","post","type-post","status-publish","format-standard","has-post-thumbnail","hentry","category-nacional","category-politica","tag-4t","tag-accidente","tag-claudia-sheinbaum","tag-mexico","tag-nyt"],"_links":{"self":[{"href":"https:\/\/podernacional.com\/index.php?rest_route=\/wp\/v2\/posts\/2823","targetHints":{"allow":["GET"]}}],"collection":[{"href":"https:\/\/podernacional.com\/index.php?rest_route=\/wp\/v2\/posts"}],"about":[{"href":"https:\/\/podernacional.com\/index.php?rest_route=\/wp\/v2\/types\/post"}],"author":[{"embeddable":true,"href":"https:\/\/podernacional.com\/index.php?rest_route=\/wp\/v2\/users\/1"}],"replies":[{"embeddable":true,"href":"https:\/\/podernacional.com\/index.php?rest_route=%2Fwp%2Fv2%2Fcomments&post=2823"}],"version-history":[{"count":0,"href":"https:\/\/podernacional.com\/index.php?rest_route=\/wp\/v2\/posts\/2823\/revisions"}],"wp:featuredmedia":[{"embeddable":true,"href":"https:\/\/podernacional.com\/index.php?rest_route=\/wp\/v2\/media\/2824"}],"wp:attachment":[{"href":"https:\/\/podernacional.com\/index.php?rest_route=%2Fwp%2Fv2%2Fmedia&parent=2823"}],"wp:term":[{"taxonomy":"category","embeddable":true,"href":"https:\/\/podernacional.com\/index.php?rest_route=%2Fwp%2Fv2%2Fcategories&post=2823"},{"taxonomy":"post_tag","embeddable":true,"href":"https:\/\/podernacional.com\/index.php?rest_route=%2Fwp%2Fv2%2Ftags&post=2823"}],"curies":[{"name":"wp","href":"https:\/\/api.w.org\/{rel}","templated":true}]}}