{"id":284,"date":"2020-06-05T00:11:48","date_gmt":"2020-06-05T00:11:48","guid":{"rendered":"http:\/\/whatsappcancun.com\/?p=284"},"modified":"2020-06-05T00:11:48","modified_gmt":"2020-06-05T00:11:48","slug":"leones-negros-acuso-a-la-femexfut-de-cerrarle-las-puertas-para-estar-en-la-liga-mx","status":"publish","type":"post","link":"https:\/\/podernacional.com\/?p=284","title":{"rendered":"Leones Negros acus\u00f3 a la Femexfut de cerrarle las puertas para estar en la Liga MX"},"content":{"rendered":"\n<p>A pesar que que el<strong>&nbsp;Ascenso MX&nbsp;<\/strong>fue eliminado,<strong>&nbsp;Leones Negros de la Universidad de Guadalajara sigue en su lucha para intentar conseguir un lugar en la Primera Divisi\u00f3n<\/strong>. Sin embargo, la instituci\u00f3n sugiri\u00f3 que los dirigentes de la Liga MX les han cerrado las puertas.<\/p>\n\n\n\n<p>En una conferencia virtual,&nbsp;<strong>Alberto Castellanos, presidente de los felinos,<\/strong>&nbsp;<a href=\"https:\/\/www.infobae.com\/america\/deportes\/2020\/06\/04\/liga-mx-leones-negros-solicito-a-yon-de-luisa-las-claves-para-poder-adquirir-una-plaza-en-primera-division\/\" target=\"_blank\" rel=\"noreferrer noopener\">habl\u00f3 sobre la carta publicada este mi\u00e9rcoles<\/a>. La misiva fue dirigida Yon de Luisa, presidente de la Federaci\u00f3n Mexicana de F\u00fatbol (FMF), y a Enrique Bonilla, presidente de la Liga MX.<\/p>\n\n\n\n<p>Castellanos coment\u00f3 que este documento, que mand\u00f3 personalmente a los dirigentes antes mencionados y que se hizo p\u00fablica este mi\u00e9rcoles, ten\u00eda como objetivo<strong>&nbsp;manifestar su inquietud sobre los temas que rodean al f\u00fatbol mexicano<\/strong>. Esto refiri\u00e9ndose a la nueva Liga de expansi\u00f3n, la mudanza de&nbsp;<a href=\"https:\/\/www.infobae.com\/america\/deportes\/2020\/06\/02\/monarcas-morelia-hizo-oficial-su-solicitud-de-cambio-de-sede-a-mazatlan\/\" target=\"_blank\" rel=\"noreferrer noopener\">Monarcas Morelia<\/a>&nbsp;y los rumores de la&nbsp;<a href=\"https:\/\/www.infobae.com\/america\/deportes\/2020\/06\/04\/esto-es-lo-que-se-sabe-de-la-supuesta-venta-de-queretaro-a-los-duenos-de-atlante\/\" target=\"_blank\" rel=\"noreferrer noopener\">venta de Quer\u00e9taro<\/a>&nbsp;a los due\u00f1os de Atlante.<\/p>\n","protected":false},"excerpt":{"rendered":"<p>A pesar que que el&nbsp;Ascenso MX&nbsp;fue eliminado,&nbsp;Leones Negros de la Universidad de Guadalajara sigue en su lucha para intentar conseguir un lugar en la Primera Divisi\u00f3n. Sin embargo, la instituci\u00f3n sugiri\u00f3 que los dirigentes de la Liga MX les han cerrado las puertas. En una conferencia virtual,&nbsp;Alberto Castellanos, presidente de los felinos,&nbsp;habl\u00f3 sobre la carta [&hellip;]<\/p>\n","protected":false},"author":1,"featured_media":285,"comment_status":"open","ping_status":"open","sticky":false,"template":"","format":"standard","meta":{"footnotes":""},"categories":[3],"tags":[],"class_list":["post-284","post","type-post","status-publish","format-standard","has-post-thumbnail","hentry","category-deportes"],"_links":{"self":[{"href":"https:\/\/podernacional.com\/index.php?rest_route=\/wp\/v2\/posts\/284","targetHints":{"allow":["GET"]}}],"collection":[{"href":"https:\/\/podernacional.com\/index.php?rest_route=\/wp\/v2\/posts"}],"about":[{"href":"https:\/\/podernacional.com\/index.php?rest_route=\/wp\/v2\/types\/post"}],"author":[{"embeddable":true,"href":"https:\/\/podernacional.com\/index.php?rest_route=\/wp\/v2\/users\/1"}],"replies":[{"embeddable":true,"href":"https:\/\/podernacional.com\/index.php?rest_route=%2Fwp%2Fv2%2Fcomments&post=284"}],"version-history":[{"count":0,"href":"https:\/\/podernacional.com\/index.php?rest_route=\/wp\/v2\/posts\/284\/revisions"}],"wp:featuredmedia":[{"embeddable":true,"href":"https:\/\/podernacional.com\/index.php?rest_route=\/wp\/v2\/media\/285"}],"wp:attachment":[{"href":"https:\/\/podernacional.com\/index.php?rest_route=%2Fwp%2Fv2%2Fmedia&parent=284"}],"wp:term":[{"taxonomy":"category","embeddable":true,"href":"https:\/\/podernacional.com\/index.php?rest_route=%2Fwp%2Fv2%2Fcategories&post=284"},{"taxonomy":"post_tag","embeddable":true,"href":"https:\/\/podernacional.com\/index.php?rest_route=%2Fwp%2Fv2%2Ftags&post=284"}],"curies":[{"name":"wp","href":"https:\/\/api.w.org\/{rel}","templated":true}]}}