{"id":290,"date":"2020-06-05T00:22:54","date_gmt":"2020-06-05T00:22:54","guid":{"rendered":"http:\/\/whatsappcancun.com\/?p=290"},"modified":"2020-06-05T00:22:54","modified_gmt":"2020-06-05T00:22:54","slug":"el-principal-sindicato-de-la-policia-estadounidense-critico-a-joe-biden-por-no-mostrarles-solidaridad-durante-las-protestas","status":"publish","type":"post","link":"https:\/\/podernacional.com\/?p=290","title":{"rendered":"El principal sindicato de la Polic\u00eda estadounidense critic\u00f3 a Joe Biden por no mostrarles solidaridad durante las protestas"},"content":{"rendered":"\n<p>Los sindicatos son una de las bases de apoyo que hist\u00f3ricamente han sostenido al Partido Dem\u00f3crata estadounidense. El partido siempre se defini\u00f3 como el&nbsp;<strong>aliado incondicional de los trabajadores<\/strong>&nbsp;y, para campa\u00f1as como las del presidente Barack Obama,&nbsp;<mark><strong>contar con el apoyo de estas organizaciones fue vital<\/strong><\/mark>.<\/p>\n\n\n\n<p>Joe Biden lleva medio siglo en la pol\u00edtica y siempre se mostr\u00f3 como un hombre de la clase media que entiende a los trabajadores. Fue famoso el hecho de que Biden, inclusive siendo vicepresidente electo,&nbsp;<strong>tomara el tren para ir desde su casa en Delaware a Washington D.C. a trabajar<\/strong>. Pero en medio de las protestas sociales contra la injusticia racial,&nbsp;<mark><strong>Biden realiz\u00f3 duras cr\u00edticas hacia las fuerzas de polic\u00eda. Y ello motiv\u00f3 una respuesta por parte del titular del sindicato m\u00e1s grande del pa\u00eds<\/strong><\/mark>.<\/p>\n\n\n\n<p>\u201cEn cuanto a Joe Biden, muchos polic\u00edas se est\u00e1n agarrando la cabeza porque \u00e9l sol\u00eda ser el hombre que se paraba junto a los oficiales de la ley\u201d, asegur\u00f3 en declaraciones p\u00fablicas ante medios nacionales&nbsp;<strong>Bill Johnson<\/strong>, el director ejecutivo de la Asociaci\u00f3n Nacional de Organizaciones de Polic\u00eda (NAPO), que engloba a los sindicatos locales de cada uno de los 50 estados. \u201c<strong>Todo indica que a su edad, lamentablemente, est\u00e1 escribiendo un \u00faltimo cap\u00edtulo triste en lo que respecta al apoyo a los polic\u00edas<\/strong>\u201d, agreg\u00f3.<\/p>\n\n\n\n<figure><iframe width=\"1\" height=\"1\"><\/iframe><\/figure>\n\n\n\n<p><mark><strong>A ra\u00edz de las protestas, Biden dio un discurso muy duro el martes.<\/strong><\/mark>&nbsp;Sus detractores lo criticaron por, en su opini\u00f3n, no mostrar solidaridad con los polic\u00edas ni condenar la violencia que ha tenido lugar durante las manifestaciones.<\/p>\n\n\n\n<p>El foco de Biden estuvo puesto en&nbsp;<strong>su apoyo a los manifestantes<\/strong>&nbsp;y pidi\u00f3 reformas nacionales para los procedimientos policiales. Este \u00faltimo hecho desat\u00f3 el duro reclamo por parte del sindicato que lo apoy\u00f3 en sus campa\u00f1as al Senado y a la vicepresidencia.<\/p>\n","protected":false},"excerpt":{"rendered":"<p>Los sindicatos son una de las bases de apoyo que hist\u00f3ricamente han sostenido al Partido Dem\u00f3crata estadounidense. El partido siempre se defini\u00f3 como el&nbsp;aliado incondicional de los trabajadores&nbsp;y, para campa\u00f1as como las del presidente Barack Obama,&nbsp;contar con el apoyo de estas organizaciones fue vital. Joe Biden lleva medio siglo en la pol\u00edtica y siempre se [&hellip;]<\/p>\n","protected":false},"author":1,"featured_media":291,"comment_status":"open","ping_status":"open","sticky":false,"template":"","format":"standard","meta":{"footnotes":""},"categories":[5],"tags":[],"class_list":["post-290","post","type-post","status-publish","format-standard","has-post-thumbnail","hentry","category-internacional"],"_links":{"self":[{"href":"https:\/\/podernacional.com\/index.php?rest_route=\/wp\/v2\/posts\/290","targetHints":{"allow":["GET"]}}],"collection":[{"href":"https:\/\/podernacional.com\/index.php?rest_route=\/wp\/v2\/posts"}],"about":[{"href":"https:\/\/podernacional.com\/index.php?rest_route=\/wp\/v2\/types\/post"}],"author":[{"embeddable":true,"href":"https:\/\/podernacional.com\/index.php?rest_route=\/wp\/v2\/users\/1"}],"replies":[{"embeddable":true,"href":"https:\/\/podernacional.com\/index.php?rest_route=%2Fwp%2Fv2%2Fcomments&post=290"}],"version-history":[{"count":0,"href":"https:\/\/podernacional.com\/index.php?rest_route=\/wp\/v2\/posts\/290\/revisions"}],"wp:featuredmedia":[{"embeddable":true,"href":"https:\/\/podernacional.com\/index.php?rest_route=\/wp\/v2\/media\/291"}],"wp:attachment":[{"href":"https:\/\/podernacional.com\/index.php?rest_route=%2Fwp%2Fv2%2Fmedia&parent=290"}],"wp:term":[{"taxonomy":"category","embeddable":true,"href":"https:\/\/podernacional.com\/index.php?rest_route=%2Fwp%2Fv2%2Fcategories&post=290"},{"taxonomy":"post_tag","embeddable":true,"href":"https:\/\/podernacional.com\/index.php?rest_route=%2Fwp%2Fv2%2Ftags&post=290"}],"curies":[{"name":"wp","href":"https:\/\/api.w.org\/{rel}","templated":true}]}}