{"id":2910,"date":"2021-08-04T19:23:41","date_gmt":"2021-08-04T19:23:41","guid":{"rendered":"https:\/\/whatsappcancun.com\/?p=2910"},"modified":"2021-08-04T19:23:41","modified_gmt":"2021-08-04T19:23:41","slug":"tokio-2020-mexico-vs-japon-por-la-medalla-de-bronce-en-tokio-2020","status":"publish","type":"post","link":"https:\/\/podernacional.com\/?p=2910","title":{"rendered":"TOKIO 2020: M\u00c9XICO VS JAP\u00d3N POR LA MEDALLA DE BRONCE EN TOKIO 2020"},"content":{"rendered":"<ul>\n<li class=\"h2\">\n<h3 style=\"text-align: left;\">Las escuadras formaron parte del Grupo A, 12 d\u00edas despu\u00e9s se volver\u00e1n a encontrar en el duelo por un lugar en el podio<\/h3>\n<\/li>\n<\/ul>\n<p>La\u00a0<strong>Selecci\u00f3n Mexicana<\/strong>\u00a0volver\u00e1 a enfrentar a la\u00a0<strong>Selecci\u00f3n de Jap\u00f3n<\/strong>\u00a0en el partido por la\u00a0<strong>medalla de bronce<\/strong>\u00a0en los\u00a0<strong>Juegos Ol\u00edmpicos de Tokio 2020.<\/strong><\/p>\n<p>M\u00e9xico y Jap\u00f3n se ver\u00e1n las caras\u00a0<strong>12 d\u00edas despu\u00e9s<\/strong>\u00a0de su duelo en la fase de grupos, donde la victoria fue para la\u00a0<strong>escuadra nipona 2-1.<\/strong><\/p>\n<p><strong>\u00abEl Tricolor\u00bb<\/strong>\u00a0llega al partido tras caer 4-1\u00a0<strong>en tanda de penaltis<\/strong>\u00a0ante Brasil en la semifinal.<\/p>\n<p>Mientras que la<strong>\u00a0selecci\u00f3n del pa\u00eds anfitri\u00f3n cay\u00f3 1-0<\/strong>\u00a0ante Espa\u00f1a.<\/p>\n<p>&nbsp;<\/p>\n<h3><strong>\u00bfCu\u00e1ndo y d\u00f3nde ver el partido?<\/strong><\/h3>\n<p>El juego por la medalla de bronce se realizar\u00e1 este\u00a0<strong>viernes 6 de agosto<\/strong>\u00a0en el\u00a0Estadio de Saitama a las\u00a0<strong>06:00 horas tiempo del centro de M\u00e9xico.<\/strong><\/p>\n<p>Lo podr\u00e1s disfrutar por:<strong>\u00a0Azteca 7, Canal 5, Blim y Marca Claro<\/strong><\/p>\n<p><img loading=\"lazy\" decoding=\"async\" class=\"alignnone wp-image-2915\" src=\"https:\/\/whatsappcancun.com\/wp-content\/uploads\/2021\/08\/VKMT23QOTBGZLM627VLQF6VMC4-1-300x201.jpeg\" alt=\"\" width=\"800\" height=\"536\" srcset=\"https:\/\/podernacional.com\/wp-content\/uploads\/2021\/08\/VKMT23QOTBGZLM627VLQF6VMC4-1-300x201.jpeg 300w, https:\/\/podernacional.com\/wp-content\/uploads\/2021\/08\/VKMT23QOTBGZLM627VLQF6VMC4-1-768x515.jpeg 768w, https:\/\/podernacional.com\/wp-content\/uploads\/2021\/08\/VKMT23QOTBGZLM627VLQF6VMC4-1.jpeg 800w\" sizes=\"auto, (max-width: 800px) 100vw, 800px\" \/><\/p>\n","protected":false},"excerpt":{"rendered":"<p>Las escuadras formaron parte del Grupo A, 12 d\u00edas despu\u00e9s se volver\u00e1n a encontrar en el duelo por un lugar en el podio La\u00a0Selecci\u00f3n Mexicana\u00a0volver\u00e1 a enfrentar a la\u00a0Selecci\u00f3n de Jap\u00f3n\u00a0en el partido por la\u00a0medalla de bronce\u00a0en los\u00a0Juegos Ol\u00edmpicos de Tokio 2020. M\u00e9xico y Jap\u00f3n se ver\u00e1n las caras\u00a012 d\u00edas despu\u00e9s\u00a0de su duelo en la [&hellip;]<\/p>\n","protected":false},"author":1,"featured_media":2913,"comment_status":"open","ping_status":"closed","sticky":false,"template":"","format":"standard","meta":{"footnotes":""},"categories":[3,5,7],"tags":[57,73,86,87,93,105,117],"class_list":["post-2910","post","type-post","status-publish","format-standard","has-post-thumbnail","hentry","category-deportes","category-internacional","category-nacional","tag-futbol","tag-juegos-olimpicos","tag-mexico","tag-mexico-vs-japon","tag-olimpiadas","tag-semifinal","tag-tokio-2020"],"_links":{"self":[{"href":"https:\/\/podernacional.com\/index.php?rest_route=\/wp\/v2\/posts\/2910","targetHints":{"allow":["GET"]}}],"collection":[{"href":"https:\/\/podernacional.com\/index.php?rest_route=\/wp\/v2\/posts"}],"about":[{"href":"https:\/\/podernacional.com\/index.php?rest_route=\/wp\/v2\/types\/post"}],"author":[{"embeddable":true,"href":"https:\/\/podernacional.com\/index.php?rest_route=\/wp\/v2\/users\/1"}],"replies":[{"embeddable":true,"href":"https:\/\/podernacional.com\/index.php?rest_route=%2Fwp%2Fv2%2Fcomments&post=2910"}],"version-history":[{"count":0,"href":"https:\/\/podernacional.com\/index.php?rest_route=\/wp\/v2\/posts\/2910\/revisions"}],"wp:featuredmedia":[{"embeddable":true,"href":"https:\/\/podernacional.com\/index.php?rest_route=\/wp\/v2\/media\/2913"}],"wp:attachment":[{"href":"https:\/\/podernacional.com\/index.php?rest_route=%2Fwp%2Fv2%2Fmedia&parent=2910"}],"wp:term":[{"taxonomy":"category","embeddable":true,"href":"https:\/\/podernacional.com\/index.php?rest_route=%2Fwp%2Fv2%2Fcategories&post=2910"},{"taxonomy":"post_tag","embeddable":true,"href":"https:\/\/podernacional.com\/index.php?rest_route=%2Fwp%2Fv2%2Ftags&post=2910"}],"curies":[{"name":"wp","href":"https:\/\/api.w.org\/{rel}","templated":true}]}}