{"id":296,"date":"2020-06-05T00:35:44","date_gmt":"2020-06-05T00:35:44","guid":{"rendered":"http:\/\/whatsappcancun.com\/?p=296"},"modified":"2020-06-05T00:35:44","modified_gmt":"2020-06-05T00:35:44","slug":"una-vigilia-por-tiananmen-en-hong-kong-termina-con-varios-detenidos","status":"publish","type":"post","link":"https:\/\/podernacional.com\/?p=296","title":{"rendered":"Una vigilia por Tiananmen en Hong Kong termina con varios detenidos"},"content":{"rendered":"\n<p>La vigilia para recordar&nbsp;<a href=\"https:\/\/www.elconfidencial.com\/mundo\/2019-06-03\/tinanmen-pekin-china-treinta-anos-despues_2051794\/\">la matanza de Tiananmen de 1989<\/a>&nbsp;que este jueves&nbsp;<strong>reuni\u00f3 a miles de personas en las calles de Hong Kong<\/strong>&nbsp;termin\u00f3 entrada la noche con enfrentamientos entre activistas y la Polic\u00eda local, que detuvo a varios de ellos.<\/p>\n\n\n\n<p>Seg\u00fan informa la prensa local, al menos cuatro personas fueron detenidas en el distrito de Mong Kok cuando trataban de bloquear la calle Argyle de la ciudad financiera, mientras que la Polic\u00eda denuncia que un agente result\u00f3 herido durante el arresto. El cuerpo hab\u00eda avisado a los manifestantes de que\u00a0<strong>se estaban reuniendo de manera ilegal al t\u00e9rmino de la vigilia<\/strong>, que oficialmente estaba prohibida debido a las restricciones impuestas por la pandemia de coronavirus.<\/p>\n\n\n\n<p>La polic\u00eda tambi\u00e9n impidi\u00f3 el paso a la Oficina de Enlace, el \u00f3rgano oficial que representa a Pek\u00edn en Hong Kong, adonde algunos activistas del movimiento prodemocr\u00e1tico hab\u00edan acudido.<\/p>\n","protected":false},"excerpt":{"rendered":"<p>La vigilia para recordar&nbsp;la matanza de Tiananmen de 1989&nbsp;que este jueves&nbsp;reuni\u00f3 a miles de personas en las calles de Hong Kong&nbsp;termin\u00f3 entrada la noche con enfrentamientos entre activistas y la Polic\u00eda local, que detuvo a varios de ellos. Seg\u00fan informa la prensa local, al menos cuatro personas fueron detenidas en el distrito de Mong Kok [&hellip;]<\/p>\n","protected":false},"author":1,"featured_media":297,"comment_status":"open","ping_status":"open","sticky":false,"template":"","format":"standard","meta":{"footnotes":""},"categories":[12],"tags":[],"class_list":["post-296","post","type-post","status-publish","format-standard","has-post-thumbnail","hentry","category-sin-categoria"],"_links":{"self":[{"href":"https:\/\/podernacional.com\/index.php?rest_route=\/wp\/v2\/posts\/296","targetHints":{"allow":["GET"]}}],"collection":[{"href":"https:\/\/podernacional.com\/index.php?rest_route=\/wp\/v2\/posts"}],"about":[{"href":"https:\/\/podernacional.com\/index.php?rest_route=\/wp\/v2\/types\/post"}],"author":[{"embeddable":true,"href":"https:\/\/podernacional.com\/index.php?rest_route=\/wp\/v2\/users\/1"}],"replies":[{"embeddable":true,"href":"https:\/\/podernacional.com\/index.php?rest_route=%2Fwp%2Fv2%2Fcomments&post=296"}],"version-history":[{"count":0,"href":"https:\/\/podernacional.com\/index.php?rest_route=\/wp\/v2\/posts\/296\/revisions"}],"wp:featuredmedia":[{"embeddable":true,"href":"https:\/\/podernacional.com\/index.php?rest_route=\/wp\/v2\/media\/297"}],"wp:attachment":[{"href":"https:\/\/podernacional.com\/index.php?rest_route=%2Fwp%2Fv2%2Fmedia&parent=296"}],"wp:term":[{"taxonomy":"category","embeddable":true,"href":"https:\/\/podernacional.com\/index.php?rest_route=%2Fwp%2Fv2%2Fcategories&post=296"},{"taxonomy":"post_tag","embeddable":true,"href":"https:\/\/podernacional.com\/index.php?rest_route=%2Fwp%2Fv2%2Ftags&post=296"}],"curies":[{"name":"wp","href":"https:\/\/api.w.org\/{rel}","templated":true}]}}