{"id":2961,"date":"2021-08-06T19:33:22","date_gmt":"2021-08-06T19:33:22","guid":{"rendered":"https:\/\/whatsappcancun.com\/?p=2961"},"modified":"2021-08-06T19:33:22","modified_gmt":"2021-08-06T19:33:22","slug":"tokio-2020-promesa-del-madrid-decepciona-en-los-olimpicos","status":"publish","type":"post","link":"https:\/\/podernacional.com\/?p=2961","title":{"rendered":"TOKIO 2020: PROMESA DEL MADRID DECEPCIONA EN LOS OLIMPICOS"},"content":{"rendered":"<ul>\n<li class=\"entry-title\" style=\"text-align: left;\">\n<h3><strong>Japoneses rompen en llanto tras perder el bronce ante M\u00e9xico<\/strong><\/h3>\n<\/li>\n<\/ul>\n<p>La\u00a0derrota de Jap\u00f3n contra M\u00e9xico, quien le arrebat\u00f3 la medalla de bronce con un marcador 3-1, le sac\u00f3 varias l\u00e1grimas a los nipones, quienes se dejaron caer en la cancha visiblemente afectados por el resultado.<\/p>\n<div class=\"code-block code-block-center code-block-1\">\n<p>Aunque los japoneses rompieron en llanto y algunos se tiraron al c\u00e9sped, los mexicanos salieron a\u00a0<strong>consolar a sus rivales ol\u00edmpicos.<\/strong> Uno de ellos fue Alexis Vega, quien se acerc\u00f3 para darle \u00e1nimos a uno de sus contrarios.<\/p>\n<p>La\u00a0<strong>imagen que parti\u00f3 el coraz\u00f3n<\/strong>\u00a0de miles de usuarios que observaron el partido fue cuando la estrella de Jap\u00f3n, Takefusa Kubo, se sent\u00f3 en el campo y estall\u00f3 en llanto por\u00a0no conseguir la medalla de bronce\u00a0para su equipo.<\/p>\n<p>Si bien las im\u00e1genes se centraron en el elemento del Real Madrid, el dolor fue general en todo el equipo japon\u00e9s, ya que a lo largo del campo hab\u00edan algunos m\u00e1s como el portero\u00a0<strong>Kosei Tani<\/strong>\u00a0que no pudieron ocultar su tristeza.<\/p>\n<div class=\"code-block code-block-center code-block-8\">\n<p>Cabe mencionar que\u00a0<strong>la Selecci\u00f3n Mexicana recibir\u00e1 la presea al terminar la final<\/strong> por el oro entre Brasil y Espa\u00f1a.<\/p>\n<\/div>\n<\/div>\n<p>https:\/\/twitter.com\/i\/status\/1423599502477479936<\/p>\n<div class=\"code-block code-block-center code-block-1\">\n<div class=\"code-block code-block-center code-block-8\">\n<h2>\u00bfCu\u00e1ndo recibir\u00e1 M\u00e9xico su medalla de bronce?<\/h2>\n<p>Luego de conseguir la segunda medalla para M\u00e9xico en la historia del futbol en los Juegos Ol\u00edmpicos, la Selecci\u00f3n Mexicana se impuso a Jap\u00f3n para as\u00ed\u00a0<strong>conseguir la medalla de bronce<\/strong>.<\/p>\n<p>La\u00a0<strong>ceremonia de premiaci\u00f3n<\/strong>\u00a0se llevar\u00e1 a cabo este s\u00e1bado por la ma\u00f1ana, cuando termine el partido entre Espa\u00f1a y Brasil. Con esto, M\u00e9xico se subir\u00e1 al podio por cuarta ocasi\u00f3n en estos J<strong>uegos Ol\u00edmpicos de Tokio 2020.<\/strong><\/p>\n<ul>\n<li>Horario de la final\u00a0Brasil vs Espa\u00f1a:\u00a0<strong>s\u00e1bado 6: 30 AM<\/strong><\/li>\n<li><strong>Entrega de medallas<\/strong>: el\u00a0<strong>Tri Ol\u00edmpico recibir\u00e1 su medalla al t\u00e9rmino del partido<\/strong><\/li>\n<\/ul>\n<\/div>\n<\/div>\n","protected":false},"excerpt":{"rendered":"<p>Japoneses rompen en llanto tras perder el bronce ante M\u00e9xico La\u00a0derrota de Jap\u00f3n contra M\u00e9xico, quien le arrebat\u00f3 la medalla de bronce con un marcador 3-1, le sac\u00f3 varias l\u00e1grimas a los nipones, quienes se dejaron caer en la cancha visiblemente afectados por el resultado. Aunque los japoneses rompieron en llanto y algunos se tiraron [&hellip;]<\/p>\n","protected":false},"author":1,"featured_media":2964,"comment_status":"open","ping_status":"closed","sticky":false,"template":"","format":"standard","meta":{"footnotes":""},"categories":[3,5],"tags":[57,71,73,84,86,93,117],"class_list":["post-2961","post","type-post","status-publish","format-standard","has-post-thumbnail","hentry","category-deportes","category-internacional","tag-futbol","tag-japon","tag-juegos-olimpicos","tag-medalla","tag-mexico","tag-olimpiadas","tag-tokio-2020"],"_links":{"self":[{"href":"https:\/\/podernacional.com\/index.php?rest_route=\/wp\/v2\/posts\/2961","targetHints":{"allow":["GET"]}}],"collection":[{"href":"https:\/\/podernacional.com\/index.php?rest_route=\/wp\/v2\/posts"}],"about":[{"href":"https:\/\/podernacional.com\/index.php?rest_route=\/wp\/v2\/types\/post"}],"author":[{"embeddable":true,"href":"https:\/\/podernacional.com\/index.php?rest_route=\/wp\/v2\/users\/1"}],"replies":[{"embeddable":true,"href":"https:\/\/podernacional.com\/index.php?rest_route=%2Fwp%2Fv2%2Fcomments&post=2961"}],"version-history":[{"count":0,"href":"https:\/\/podernacional.com\/index.php?rest_route=\/wp\/v2\/posts\/2961\/revisions"}],"wp:featuredmedia":[{"embeddable":true,"href":"https:\/\/podernacional.com\/index.php?rest_route=\/wp\/v2\/media\/2964"}],"wp:attachment":[{"href":"https:\/\/podernacional.com\/index.php?rest_route=%2Fwp%2Fv2%2Fmedia&parent=2961"}],"wp:term":[{"taxonomy":"category","embeddable":true,"href":"https:\/\/podernacional.com\/index.php?rest_route=%2Fwp%2Fv2%2Fcategories&post=2961"},{"taxonomy":"post_tag","embeddable":true,"href":"https:\/\/podernacional.com\/index.php?rest_route=%2Fwp%2Fv2%2Ftags&post=2961"}],"curies":[{"name":"wp","href":"https:\/\/api.w.org\/{rel}","templated":true}]}}