{"id":2999,"date":"2021-08-11T17:35:42","date_gmt":"2021-08-11T17:35:42","guid":{"rendered":"https:\/\/whatsappcancun.com\/?p=2999"},"modified":"2021-08-11T17:35:42","modified_gmt":"2021-08-11T17:35:42","slug":"llega-la-serie-animada-what-if","status":"publish","type":"post","link":"https:\/\/podernacional.com\/?p=2999","title":{"rendered":"LLEGA LA SERIE ANIMADA WHAT IF?"},"content":{"rendered":"<ul>\n<li class=\"article-subheadline\" style=\"text-align: left;\">\n<h3><strong>El primer episodio de un total de diez estar\u00e1 disponible a partir de hoy en Disney+<\/strong><\/h3>\n<\/li>\n<\/ul>\n<div class=\"byline-text-wrapper\">\n<p>What if&#8230;?\u00a0es una de las producciones m\u00e1s frescas y diferentes de\u00a0<strong>Marvel Studios<\/strong>\u00a0desde que comenz\u00f3 el\u00a0Universo Cinematogr\u00e1fico de Marvel\u00a0en 2008. Una\u00a0serie web de animaci\u00f3n\u00a0creada por A.C. Bradley y que se desmarca por completo de la\u00a0Fase 4. Aqu\u00ed se ha venido a jugar, a experimentar y contar historias diferentes, como ya hizo el c\u00f3mic originalmente. En esencia, esta serie contar\u00e1 en\u00a0<strong>Disney+<\/strong>\u00a0<strong>qu\u00e9 suceder\u00eda si los principales acontecimientos de las pel\u00edculas sucedieran de forma diferente<\/strong>; todo seg\u00fan lo observado por Uatu el Vigilante.<\/p>\n<p>Dirigida por\u00a0<b>Bryan Andrews<\/b>\u00a0y con\u00a0<b>Ashley Bradley\u00a0<\/b>como guionista principal, <i><b>What If&#8230;?<\/b><\/i>\u00a0estar\u00e1 disponible a partir hoy en\u00a0<b>Disney+<\/b>.<\/p>\n<p class=\"paragraph\">A lo largo de 10 episodios -se ir\u00e1n estrenando uno cada mi\u00e9rcoles, desde hoy y hasta el 13 de octubre- la primera temporada de la serie -que ya tiene una segunda confirmada, con una cantidad de cap\u00edtulos similar- revelar\u00e1 distintas situaciones en las cuales las circunstancias no se dieron como lo planearon en los c\u00f3mics, en aquellos\u00a0<b>momentos cruciales<\/b>. Y sobre todo,\u00a0<b>abordar\u00e1 las consecuencias que todo eso genera<\/b>. De esa forma se dar\u00e1 lugar a un multiverso de infinitas posibilidades.<\/p>\n<p class=\"paragraph\">Y es que en\u00a0<i>What If&#8230;?\u00a0<\/i>se ampliar\u00e1n las historias ya conocidas del universo Marvel, pero contando adem\u00e1s otras nuevas. El narrador ser\u00e1\u00a0<i><b>El Vigilante<\/b><\/i>, quien har\u00e1 un repaso por las 23 pel\u00edculas, con la diferencia de que en cada episodio habr\u00e1 un final distinto al ya conocido o esperado por los fans. Adem\u00e1s, la mayor\u00eda de los actores volver\u00e1n a ponerle sus voces a sus m\u00edticos personajes para este proyecto animado. La producci\u00f3n se realiz\u00f3 con el estilo de animaci\u00f3n conocido como\u00a0<b>sombreado plano<\/b>, en el cual se emplean im\u00e1genes de los actores de las pel\u00edculas para crear las figuras animadas.<\/p>\n<\/div>\n<h3><strong>Fecha de todos los episodios de What If\u2026? | Temporada 1<\/strong><\/h3>\n<ul class=\"en_contenido\">\n<li>Episodio 1 \u2014 11 de agosto de 2021<\/li>\n<li>Episodio 2 \u2014 18 de agosto de 2021<\/li>\n<li>Episodio 3 \u2014 25 de agosto de 2021<\/li>\n<li>Episodio 4 \u2014 1 de septiembre de 2021<\/li>\n<li>Episodio 5 \u2014 8 de septiembre de 2021<\/li>\n<li>Episodio 6 \u2014 15 de septiembre de 2021<\/li>\n<li>Episodio 7 \u2014 22 de septiembre de 2021<\/li>\n<li>Episodio 8 \u2014 29 de septiembre de 2021<\/li>\n<li>Episodio 9 \u2014 6 de octubre de 2021<\/li>\n<li>Episodio 10 \u2014 13 de octubre de 2021<\/li>\n<\/ul>\n","protected":false},"excerpt":{"rendered":"<p>El primer episodio de un total de diez estar\u00e1 disponible a partir de hoy en Disney+ What if&#8230;?\u00a0es una de las producciones m\u00e1s frescas y diferentes de\u00a0Marvel Studios\u00a0desde que comenz\u00f3 el\u00a0Universo Cinematogr\u00e1fico de Marvel\u00a0en 2008. Una\u00a0serie web de animaci\u00f3n\u00a0creada por A.C. Bradley y que se desmarca por completo de la\u00a0Fase 4. Aqu\u00ed se ha venido [&hellip;]<\/p>\n","protected":false},"author":1,"featured_media":3000,"comment_status":"open","ping_status":"closed","sticky":false,"template":"","format":"standard","meta":{"footnotes":""},"categories":[12],"tags":[46,64,82,83,110,128],"class_list":["post-2999","post","type-post","status-publish","format-standard","has-post-thumbnail","hentry","category-sin-categoria","tag-disney","tag-heroes","tag-marvel","tag-marvel-studios","tag-superheroes","tag-what-if"],"_links":{"self":[{"href":"https:\/\/podernacional.com\/index.php?rest_route=\/wp\/v2\/posts\/2999","targetHints":{"allow":["GET"]}}],"collection":[{"href":"https:\/\/podernacional.com\/index.php?rest_route=\/wp\/v2\/posts"}],"about":[{"href":"https:\/\/podernacional.com\/index.php?rest_route=\/wp\/v2\/types\/post"}],"author":[{"embeddable":true,"href":"https:\/\/podernacional.com\/index.php?rest_route=\/wp\/v2\/users\/1"}],"replies":[{"embeddable":true,"href":"https:\/\/podernacional.com\/index.php?rest_route=%2Fwp%2Fv2%2Fcomments&post=2999"}],"version-history":[{"count":0,"href":"https:\/\/podernacional.com\/index.php?rest_route=\/wp\/v2\/posts\/2999\/revisions"}],"wp:featuredmedia":[{"embeddable":true,"href":"https:\/\/podernacional.com\/index.php?rest_route=\/wp\/v2\/media\/3000"}],"wp:attachment":[{"href":"https:\/\/podernacional.com\/index.php?rest_route=%2Fwp%2Fv2%2Fmedia&parent=2999"}],"wp:term":[{"taxonomy":"category","embeddable":true,"href":"https:\/\/podernacional.com\/index.php?rest_route=%2Fwp%2Fv2%2Fcategories&post=2999"},{"taxonomy":"post_tag","embeddable":true,"href":"https:\/\/podernacional.com\/index.php?rest_route=%2Fwp%2Fv2%2Ftags&post=2999"}],"curies":[{"name":"wp","href":"https:\/\/api.w.org\/{rel}","templated":true}]}}