{"id":3075,"date":"2021-08-16T19:42:07","date_gmt":"2021-08-16T19:42:07","guid":{"rendered":"https:\/\/whatsappcancun.com\/?p=3075"},"modified":"2021-08-16T19:42:07","modified_gmt":"2021-08-16T19:42:07","slug":"aeroflot-aerolinea-rusa-suma-a-cancun-como-uno-de-sus-destinos-en-el-caribe","status":"publish","type":"post","link":"https:\/\/podernacional.com\/?p=3075","title":{"rendered":"AEROFLOT: AEROL\u00cdNEA RUSA SUMA A CANC\u00daN COMO UNO DE SUS DESTINOS EN EL CARIBE"},"content":{"rendered":"<ul>\n<li style=\"text-align: left;\">\n<h3><strong>El Caribe se ver\u00e1 beneficiado con la llegada de la aerol\u00ednea Aeroflot, la cual proyecta traer el desembarco masivo de rusos a Canc\u00fan y Punta Cana. Actualmente, a estos destinos solo vuela Azur Air.<\/strong><\/h3>\n<\/li>\n<\/ul>\n<p>El mercado ruso es muy apetecido por la derrama que deja al turismo. Sin embargo, estos viajeros est\u00e1n visitando destinos m\u00e1s cercanos como Turqu\u00eda, Egipto, Grecia y Chipre, entre otros; as\u00ed lo recoge\u00a0<em>Preferente<\/em>. Tambi\u00e9n al Caribe los rusos estaban llegando a Cuba.<\/p>\n<p>El mercado ruso, en este momento solo arriba a estos destinos caribe\u00f1os por medio de Azur Air, y, como detalla el medio Preferente, los rusos estaban optando por destinos m\u00e1s cercanos a su pa\u00eds a ra\u00edz de las restricciones y cambios de rutas que provoc\u00f3 la pandemia, de ah\u00ed que su retorno al Caribe sea muy esperado.<\/p>\n<p>Cuba es otra de las islas del Caribe con gran afectaci\u00f3n de aumentos de casos de Covid-19, por lo que culp\u00f3 en su momento, por su aumento a los viajeros cubanos que toman los vuelos hacia Rusia y defiende a los turistas rusos, pues justifican que solo son el 1% los que arriban desde ese pa\u00eds.<\/p>\n<p>\u201cSobre los rusos (83.000 han entrado al pa\u00eds este a\u00f1o) ha habido muchas opiniones diferentes. Los turistas rusos no llegan a un 1%, pero en estos vuelos, operaciones de 14 vuelos diarios, notamos que muchos compatriotas han tomado estos vuelos, una parte importante dedicados a la adquisici\u00f3n de mercanc\u00edas para vender ilegalmente\u201d, dijo en su momento Manuel Marrero, primer ministro de Cuba.<\/p>\n","protected":false},"excerpt":{"rendered":"<p>El Caribe se ver\u00e1 beneficiado con la llegada de la aerol\u00ednea Aeroflot, la cual proyecta traer el desembarco masivo de rusos a Canc\u00fan y Punta Cana. Actualmente, a estos destinos solo vuela Azur Air. El mercado ruso es muy apetecido por la derrama que deja al turismo. Sin embargo, estos viajeros est\u00e1n visitando destinos m\u00e1s [&hellip;]<\/p>\n","protected":false},"author":1,"featured_media":3076,"comment_status":"open","ping_status":"closed","sticky":false,"template":"","format":"standard","meta":{"footnotes":""},"categories":[6],"tags":[18,19,35,36,86,99,102],"class_list":["post-3075","post","type-post","status-publish","format-standard","has-post-thumbnail","hentry","category-local","tag-aeroflot","tag-aerolinea","tag-cancun","tag-caribe","tag-mexico","tag-quintana-roo","tag-rusia"],"_links":{"self":[{"href":"https:\/\/podernacional.com\/index.php?rest_route=\/wp\/v2\/posts\/3075","targetHints":{"allow":["GET"]}}],"collection":[{"href":"https:\/\/podernacional.com\/index.php?rest_route=\/wp\/v2\/posts"}],"about":[{"href":"https:\/\/podernacional.com\/index.php?rest_route=\/wp\/v2\/types\/post"}],"author":[{"embeddable":true,"href":"https:\/\/podernacional.com\/index.php?rest_route=\/wp\/v2\/users\/1"}],"replies":[{"embeddable":true,"href":"https:\/\/podernacional.com\/index.php?rest_route=%2Fwp%2Fv2%2Fcomments&post=3075"}],"version-history":[{"count":0,"href":"https:\/\/podernacional.com\/index.php?rest_route=\/wp\/v2\/posts\/3075\/revisions"}],"wp:featuredmedia":[{"embeddable":true,"href":"https:\/\/podernacional.com\/index.php?rest_route=\/wp\/v2\/media\/3076"}],"wp:attachment":[{"href":"https:\/\/podernacional.com\/index.php?rest_route=%2Fwp%2Fv2%2Fmedia&parent=3075"}],"wp:term":[{"taxonomy":"category","embeddable":true,"href":"https:\/\/podernacional.com\/index.php?rest_route=%2Fwp%2Fv2%2Fcategories&post=3075"},{"taxonomy":"post_tag","embeddable":true,"href":"https:\/\/podernacional.com\/index.php?rest_route=%2Fwp%2Fv2%2Ftags&post=3075"}],"curies":[{"name":"wp","href":"https:\/\/api.w.org\/{rel}","templated":true}]}}