{"id":3565,"date":"2021-10-25T20:34:50","date_gmt":"2021-10-25T20:34:50","guid":{"rendered":"https:\/\/whatsappcancun.com\/?p=3565"},"modified":"2021-10-25T20:34:50","modified_gmt":"2021-10-25T20:34:50","slug":"barcelona-convertira-la-semana-de-la-arquitectura-en-festival-internacional","status":"publish","type":"post","link":"https:\/\/podernacional.com\/?p=3565","title":{"rendered":"Barcelona convertir\u00e1 la Semana de la Arquitectura en Festival Internacional"},"content":{"rendered":"<p>Barcelona ha arrancado este lunes su andadura como capital\u00bb Mundial de la Arquitectura, que se materializar\u00e1 en 2026, anunciando que a partir de mayo de 2022 la Semana de la Arquitectura dar\u00e1 un \u00absalto de escala\u00bb para convertirse en un Festival Internacional, con una ciudad de referencia invitada.<\/p>\n<p>En estos t\u00e9rminos se ha expresado la teniente de alcalde Janet Sanz, en el acto de presentaci\u00f3n de la Capitalidad Mundial de la Arquitectura, junto a la alcaldesa de Barcelona, Ada Colau; el director general de Agenda Urbana y Arquitectura del Gobierno, I\u00f1aki Carnicero, y el director general de Ordenaci\u00f3n del Territorio y Urbanismo de la Generalitat, Agust\u00ed Serra.<\/p>\n","protected":false},"excerpt":{"rendered":"<p>Barcelona ha arrancado este lunes su andadura como capital\u00bb Mundial de la Arquitectura, que se materializar\u00e1 en 2026, anunciando que a partir de mayo de 2022 la Semana de la Arquitectura dar\u00e1 un \u00absalto de escala\u00bb para convertirse en un Festival Internacional, con una ciudad de referencia invitada. En estos t\u00e9rminos se ha expresado la [&hellip;]<\/p>\n","protected":false},"author":1,"featured_media":3567,"comment_status":"open","ping_status":"closed","sticky":false,"template":"","format":"standard","meta":{"footnotes":""},"categories":[2,4,5],"tags":[],"class_list":["post-3565","post","type-post","status-publish","format-standard","has-post-thumbnail","hentry","category-cultural","category-espectaculos","category-internacional"],"_links":{"self":[{"href":"https:\/\/podernacional.com\/index.php?rest_route=\/wp\/v2\/posts\/3565","targetHints":{"allow":["GET"]}}],"collection":[{"href":"https:\/\/podernacional.com\/index.php?rest_route=\/wp\/v2\/posts"}],"about":[{"href":"https:\/\/podernacional.com\/index.php?rest_route=\/wp\/v2\/types\/post"}],"author":[{"embeddable":true,"href":"https:\/\/podernacional.com\/index.php?rest_route=\/wp\/v2\/users\/1"}],"replies":[{"embeddable":true,"href":"https:\/\/podernacional.com\/index.php?rest_route=%2Fwp%2Fv2%2Fcomments&post=3565"}],"version-history":[{"count":0,"href":"https:\/\/podernacional.com\/index.php?rest_route=\/wp\/v2\/posts\/3565\/revisions"}],"wp:featuredmedia":[{"embeddable":true,"href":"https:\/\/podernacional.com\/index.php?rest_route=\/wp\/v2\/media\/3567"}],"wp:attachment":[{"href":"https:\/\/podernacional.com\/index.php?rest_route=%2Fwp%2Fv2%2Fmedia&parent=3565"}],"wp:term":[{"taxonomy":"category","embeddable":true,"href":"https:\/\/podernacional.com\/index.php?rest_route=%2Fwp%2Fv2%2Fcategories&post=3565"},{"taxonomy":"post_tag","embeddable":true,"href":"https:\/\/podernacional.com\/index.php?rest_route=%2Fwp%2Fv2%2Ftags&post=3565"}],"curies":[{"name":"wp","href":"https:\/\/api.w.org\/{rel}","templated":true}]}}