{"id":3772,"date":"2021-11-10T00:09:40","date_gmt":"2021-11-10T00:09:40","guid":{"rendered":"https:\/\/whatsappcancun.com\/?p=3772"},"modified":"2021-11-10T00:09:40","modified_gmt":"2021-11-10T00:09:40","slug":"alertan-por-repunte-de-casos-de-influenza-en-quintana-roo","status":"publish","type":"post","link":"https:\/\/podernacional.com\/?p=3772","title":{"rendered":"Alertan por repunte de casos de influenza en Quintana Roo"},"content":{"rendered":"<p>Piden a habitantes de zona sur vacunarse contra la enfermedad; urgen protecci\u00f3n para enfermos cr\u00f3nicos, menores de 5 a\u00f1os y embarazadas<\/p>\n<p>El jefe de la\u00a0<strong>Jurisdicci\u00f3n Sanitaria N\u00famero Uno<\/strong>\u00a0de la\u00a0<strong>SESA,<\/strong>\u00a0Fernando Gonz\u00e1lez Zendejas, alert\u00f3 de un eventual repunte de casos de\u00a0<strong>influenza<\/strong>\u00a0en Quintana Roo como consecuencia de la llegada de los\u00a0<strong>frentes fr\u00edos<\/strong>.<\/p>\n<p>Por ello, recomend\u00f3 a los ciudadanos acudir al\u00a0<strong>m\u00e9dico<\/strong>\u00a0en caso de enfrentar alg\u00fan\u00a0<strong>malestar,<\/strong>\u00a0m\u00e1xime que los s\u00edntomas de la\u00a0<strong>influenza\u00a0<\/strong>podr\u00edan confundirse con los de la\u00a0<strong>COVID-19<\/strong>.<\/p>\n<p>Fernando Gonz\u00e1lez resalt\u00f3 que en la\u00a0<strong>Secretar\u00eda Estatal de Salud<\/strong>\u00a0(SESA) existe preocupaci\u00f3n en torno a un eventual repunte de casos de influenza porque, m\u00e1s all\u00e1 de la llegada de los frente fr\u00edos, la gente no acude a aplicarse la\u00a0<strong>vacuna<\/strong>\u00a0contra la enfermedad.<\/p>\n<p>En este sentido, detall\u00f3 que desde el inicio de la campa\u00f1a de vacunaci\u00f3n contra la Influenza Estacional el pasado 2 de noviembre, apenas han logrado aplicar 500 vacunas de una meta total de 41 mil 386 dosis.<\/p>\n<p>El Jefe de la Jurisdicci\u00f3n Sanitaria N\u00famero Uno pidi\u00f3 a los habitantes de los municipios Oth\u00f3n P. Blanco y Bacalar que tomen con seriedad el tema de la influenza y la importancia de vacunar a ni\u00f1os menores de cinco a\u00f1os de edad, adultos mayores de 60 a\u00f1os, a personas con enfermedades cr\u00f3nicas y embarazadas.<\/p>\n<p>Y es que dej\u00f3 en claro que la influenza, no tratada de manera adecuada o en una persona con alg\u00fan padecimiento cr\u00f3nico, podr\u00eda generar complicaciones y en determinado momento ocasionar la muerte.<\/p>\n<p>Por cierto, en el caso de Chetumal se han instalado puestos semifijos para aplicar la vacuna en las principales plazas comericiales y mercados municipales, de lunes a viernes a partir de las 10 de la ma\u00f1ana y hasta las seis de la tarde.<\/p>\n<p>La campa\u00f1a de vacunaci\u00f3n concluir\u00e1 hasta marzo de 2022 y tambi\u00e9n aplican la vacuna en las cl\u00ednicas del IMSS y el ISSSTE en Chetumal.<\/p>\n","protected":false},"excerpt":{"rendered":"<p>Piden a habitantes de zona sur vacunarse contra la enfermedad; urgen protecci\u00f3n para enfermos cr\u00f3nicos, menores de 5 a\u00f1os y embarazadas El jefe de la\u00a0Jurisdicci\u00f3n Sanitaria N\u00famero Uno\u00a0de la\u00a0SESA,\u00a0Fernando Gonz\u00e1lez Zendejas, alert\u00f3 de un eventual repunte de casos de\u00a0influenza\u00a0en Quintana Roo como consecuencia de la llegada de los\u00a0frentes fr\u00edos. Por ello, recomend\u00f3 a los ciudadanos [&hellip;]<\/p>\n","protected":false},"author":1,"featured_media":3774,"comment_status":"open","ping_status":"closed","sticky":false,"template":"","format":"standard","meta":{"footnotes":""},"categories":[10,11],"tags":[],"class_list":["post-3772","post","type-post","status-publish","format-standard","has-post-thumbnail","hentry","category-quintana-roo","category-salud"],"_links":{"self":[{"href":"https:\/\/podernacional.com\/index.php?rest_route=\/wp\/v2\/posts\/3772","targetHints":{"allow":["GET"]}}],"collection":[{"href":"https:\/\/podernacional.com\/index.php?rest_route=\/wp\/v2\/posts"}],"about":[{"href":"https:\/\/podernacional.com\/index.php?rest_route=\/wp\/v2\/types\/post"}],"author":[{"embeddable":true,"href":"https:\/\/podernacional.com\/index.php?rest_route=\/wp\/v2\/users\/1"}],"replies":[{"embeddable":true,"href":"https:\/\/podernacional.com\/index.php?rest_route=%2Fwp%2Fv2%2Fcomments&post=3772"}],"version-history":[{"count":0,"href":"https:\/\/podernacional.com\/index.php?rest_route=\/wp\/v2\/posts\/3772\/revisions"}],"wp:featuredmedia":[{"embeddable":true,"href":"https:\/\/podernacional.com\/index.php?rest_route=\/wp\/v2\/media\/3774"}],"wp:attachment":[{"href":"https:\/\/podernacional.com\/index.php?rest_route=%2Fwp%2Fv2%2Fmedia&parent=3772"}],"wp:term":[{"taxonomy":"category","embeddable":true,"href":"https:\/\/podernacional.com\/index.php?rest_route=%2Fwp%2Fv2%2Fcategories&post=3772"},{"taxonomy":"post_tag","embeddable":true,"href":"https:\/\/podernacional.com\/index.php?rest_route=%2Fwp%2Fv2%2Ftags&post=3772"}],"curies":[{"name":"wp","href":"https:\/\/api.w.org\/{rel}","templated":true}]}}