{"id":3781,"date":"2021-11-11T02:43:13","date_gmt":"2021-11-11T02:43:13","guid":{"rendered":"https:\/\/whatsappcancun.com\/?p=3781"},"modified":"2021-11-11T02:43:13","modified_gmt":"2021-11-11T02:43:13","slug":"politicos-progresistas-del-grupo-de-puebla-se-reuniran-en-mexico","status":"publish","type":"post","link":"https:\/\/podernacional.com\/?p=3781","title":{"rendered":"Pol\u00edticos progresistas del Grupo de Puebla se reunir\u00e1n en M\u00e9xico"},"content":{"rendered":"<p>Cerca de 150 miembros del Grupo de Puebla, que agrupa a pol\u00edticos progresistas de Espa\u00f1a y Latinoam\u00e9rica, se dar\u00e1n cita de forma presencial en la Ciudad de M\u00e9xico entre el 29 de noviembre y el 1 de diciembre, inform\u00f3 este mi\u00e9rcoles la organizaci\u00f3n en un comunicado.<\/p>\n<p>\u00abSe reunir\u00e1n en la Ciudad de M\u00e9xico en su s\u00e9ptimo encuentro, y el primero presencial tras el receso por la pandemia por covid-19, para debatir sobre las necesidades urgentes que enfrentan Am\u00e9rica Latina, el Caribe, Europa y el mundo\u00bb, detall\u00f3 el Grupo de Puebla.<\/p>\n<p class=\"article-text\">Este foro, que fue creado en 2019 en la ciudad mexicana de Puebla, est\u00e1 integrado por destacados pol\u00edticos de izquierda como los presidentes de Argentina, Alberto Fern\u00e1ndez, y de Bolivia, Luis Arce; o los expresidentes de Brasil Luiz In\u00e1cio Lula da Silva, de Uruguay Jos\u00e9 Mujica y del Gobierno espa\u00f1ol Jos\u00e9 Luis Rodr\u00edguez Zapatero.<\/p>\n<p class=\"article-text\">En el encuentro, que se celebrar\u00e1 en M\u00e9xico con motivo de los dos a\u00f1os de su fundaci\u00f3n, se espera que asistan m\u00e1s de 150 l\u00edderes progresistas entre presidentes, expresidentes, excancilleres, parlamentarios, juristas, acad\u00e9micos y observadores.<\/p>\n<p class=\"article-text\">El Grupo de Puebla destac\u00f3 que la cumbre se celebrar\u00e1 \u00aben d\u00edas expectantes por la elecci\u00f3n de Honduras y la segunda vuelta presidencial de Chile\u00bb.<\/p>\n<p class=\"article-text\">Adem\u00e1s, revel\u00f3 que se dialogar\u00e1 sobre \u00abuna agenda progresista que considere la necesidad de un modelo solidario de desarrollo\u00bb, as\u00ed como la \u00abconsolidaci\u00f3n\u00bb de las democracias en la regi\u00f3n y \u00abla autodeterminaci\u00f3n de los pueblos\u00bb.<\/p>\n<p class=\"article-text\">En estos dos a\u00f1os, el foro se ha pronunciado sobre diversos eventos como la detenci\u00f3n de Lula da Silva por supuestos delitos de corrupci\u00f3n, exigiendo su puesta en libertad; la renuncia a la presidencia de Evo Morales en Bolivia en 2019, que calificaron de golpe de Estado, y la \u00abpersecuci\u00f3n judicial\u00bb el a\u00f1o pasado del exmandatario Rafael Correa, en Ecuador.<\/p>\n<p class=\"article-text\">Adem\u00e1s, tambi\u00e9n han criticado los protocolos policiales en las protestas sociales de Colombia o Chile y han juzgado el bloqueo econ\u00f3mico unilateral de Estados Unidos contra Cuba.<\/p>\n<p class=\"article-text\">En paralelo, el grupo celebr\u00f3 nuevos \u00absoplos de viento progresista\u00bb en la regi\u00f3n como la elecci\u00f3n de los nuevos Gobiernos izquierdistas de Argentina, Bolivia y Per\u00fa o la Asamblea Constituyente chilena, la primera paritaria del mundo y de tendencia progresista.<\/p>\n","protected":false},"excerpt":{"rendered":"<p>Cerca de 150 miembros del Grupo de Puebla, que agrupa a pol\u00edticos progresistas de Espa\u00f1a y Latinoam\u00e9rica, se dar\u00e1n cita de forma presencial en la Ciudad de M\u00e9xico entre el 29 de noviembre y el 1 de diciembre, inform\u00f3 este mi\u00e9rcoles la organizaci\u00f3n en un comunicado. \u00abSe reunir\u00e1n en la Ciudad de M\u00e9xico en su [&hellip;]<\/p>\n","protected":false},"author":1,"featured_media":3783,"comment_status":"open","ping_status":"closed","sticky":false,"template":"","format":"standard","meta":{"footnotes":""},"categories":[7,9],"tags":[],"class_list":["post-3781","post","type-post","status-publish","format-standard","has-post-thumbnail","hentry","category-nacional","category-politica"],"_links":{"self":[{"href":"https:\/\/podernacional.com\/index.php?rest_route=\/wp\/v2\/posts\/3781","targetHints":{"allow":["GET"]}}],"collection":[{"href":"https:\/\/podernacional.com\/index.php?rest_route=\/wp\/v2\/posts"}],"about":[{"href":"https:\/\/podernacional.com\/index.php?rest_route=\/wp\/v2\/types\/post"}],"author":[{"embeddable":true,"href":"https:\/\/podernacional.com\/index.php?rest_route=\/wp\/v2\/users\/1"}],"replies":[{"embeddable":true,"href":"https:\/\/podernacional.com\/index.php?rest_route=%2Fwp%2Fv2%2Fcomments&post=3781"}],"version-history":[{"count":0,"href":"https:\/\/podernacional.com\/index.php?rest_route=\/wp\/v2\/posts\/3781\/revisions"}],"wp:featuredmedia":[{"embeddable":true,"href":"https:\/\/podernacional.com\/index.php?rest_route=\/wp\/v2\/media\/3783"}],"wp:attachment":[{"href":"https:\/\/podernacional.com\/index.php?rest_route=%2Fwp%2Fv2%2Fmedia&parent=3781"}],"wp:term":[{"taxonomy":"category","embeddable":true,"href":"https:\/\/podernacional.com\/index.php?rest_route=%2Fwp%2Fv2%2Fcategories&post=3781"},{"taxonomy":"post_tag","embeddable":true,"href":"https:\/\/podernacional.com\/index.php?rest_route=%2Fwp%2Fv2%2Ftags&post=3781"}],"curies":[{"name":"wp","href":"https:\/\/api.w.org\/{rel}","templated":true}]}}