{"id":3826,"date":"2021-11-13T14:37:50","date_gmt":"2021-11-13T14:37:50","guid":{"rendered":"https:\/\/whatsappcancun.com\/?p=3826"},"modified":"2021-11-13T14:37:50","modified_gmt":"2021-11-13T14:37:50","slug":"marybel-villegas-canche-se-registra-para-la-gubernatura-de-quintana-roo","status":"publish","type":"post","link":"https:\/\/podernacional.com\/?p=3826","title":{"rendered":"Marybel Villegas Canch\u00e9 se registra para la gubernatura de Quintana Roo"},"content":{"rendered":"<p>La aspirante comparti\u00f3 su registro en sus redes sociales.<\/p>\n<p>Alrededor de las 22:30, Marybel Villegas Canch\u00e9 se registr\u00f3 como aspirante a la precandidatura por la gubernatura de Quintana Roo en el proceso interno de Movimiento Regeneraci\u00f3n Nacional (Morena).<\/p>\n<p>Esto en el marco de los procesos de registro en los estados que tendr\u00e1n elecci\u00f3n el pr\u00f3ximo a\u00f1o para renovar las gubernaturas.<\/p>\n<p>En d\u00edas pasados, el Comit\u00e9 Ejecutivo Nacional (CEN) de Morena emiti\u00f3 la convocatoria para el proceso interno de selecci\u00f3n de candidatos y candidatas para las seis gubernaturas que se disputan en 2022.<\/p>\n<p>El registro de las personas aspirantes a ocupar una candidatura de Morena en Quintana Roo termina hoy 12 de noviembre.<\/p>\n<p>Tal y como se ven\u00eda anunciando meses atr\u00e1s, la senadora Marybel Villegas hizo oficial su registro al proceso interno de Morena para la elecci\u00f3n del candidato por la gubernatura del estado.<\/p>\n<p>Villegas Canch\u00e9 cumpli\u00f3 con los requisitos que estableci\u00f3 el partido de la 4T en su convocatoria para el registro en su plataforma.<\/p>\n<p>Fue hasta este viernes que el partido guinda dio como fecha l\u00edmite para que aquellas personas que aspiren a la precandidatura se registrar\u00e1n.<\/p>\n<p>Al igual que Marybel Villegas, el senador Jos\u00e9 Luis Pech y la alcaldesa de Benito Ju\u00e1rez, Mara Lezama, completaron su registro c\u00f3mo era de esperarse.<\/p>\n<p>Por otra parte, sorpresivamente Laura Beristain, ex edil y actual regidora de Solidaridad y el abogado militante, Ra\u00fal Ojeda Gonz\u00e1lez, destaparon su inter\u00e9s por la gubernatura de Quintana Roo y se registraron.<\/p>\n","protected":false},"excerpt":{"rendered":"<p>La aspirante comparti\u00f3 su registro en sus redes sociales. Alrededor de las 22:30, Marybel Villegas Canch\u00e9 se registr\u00f3 como aspirante a la precandidatura por la gubernatura de Quintana Roo en el proceso interno de Movimiento Regeneraci\u00f3n Nacional (Morena). Esto en el marco de los procesos de registro en los estados que tendr\u00e1n elecci\u00f3n el pr\u00f3ximo [&hellip;]<\/p>\n","protected":false},"author":1,"featured_media":3828,"comment_status":"open","ping_status":"closed","sticky":false,"template":"","format":"standard","meta":{"footnotes":""},"categories":[9,10],"tags":[],"class_list":["post-3826","post","type-post","status-publish","format-standard","has-post-thumbnail","hentry","category-politica","category-quintana-roo"],"_links":{"self":[{"href":"https:\/\/podernacional.com\/index.php?rest_route=\/wp\/v2\/posts\/3826","targetHints":{"allow":["GET"]}}],"collection":[{"href":"https:\/\/podernacional.com\/index.php?rest_route=\/wp\/v2\/posts"}],"about":[{"href":"https:\/\/podernacional.com\/index.php?rest_route=\/wp\/v2\/types\/post"}],"author":[{"embeddable":true,"href":"https:\/\/podernacional.com\/index.php?rest_route=\/wp\/v2\/users\/1"}],"replies":[{"embeddable":true,"href":"https:\/\/podernacional.com\/index.php?rest_route=%2Fwp%2Fv2%2Fcomments&post=3826"}],"version-history":[{"count":0,"href":"https:\/\/podernacional.com\/index.php?rest_route=\/wp\/v2\/posts\/3826\/revisions"}],"wp:featuredmedia":[{"embeddable":true,"href":"https:\/\/podernacional.com\/index.php?rest_route=\/wp\/v2\/media\/3828"}],"wp:attachment":[{"href":"https:\/\/podernacional.com\/index.php?rest_route=%2Fwp%2Fv2%2Fmedia&parent=3826"}],"wp:term":[{"taxonomy":"category","embeddable":true,"href":"https:\/\/podernacional.com\/index.php?rest_route=%2Fwp%2Fv2%2Fcategories&post=3826"},{"taxonomy":"post_tag","embeddable":true,"href":"https:\/\/podernacional.com\/index.php?rest_route=%2Fwp%2Fv2%2Ftags&post=3826"}],"curies":[{"name":"wp","href":"https:\/\/api.w.org\/{rel}","templated":true}]}}