{"id":390,"date":"2020-06-15T20:12:17","date_gmt":"2020-06-15T20:12:17","guid":{"rendered":"http:\/\/whatsappcancun.com\/?p=390"},"modified":"2020-06-15T20:12:17","modified_gmt":"2020-06-15T20:12:17","slug":"video-viral-cuando-tocas-tu-cara-frente-a-tu-mama-en-epoca-de-coronavirus","status":"publish","type":"post","link":"https:\/\/podernacional.com\/?p=390","title":{"rendered":"VIDEO VIRAL: Cuando tocas tu cara frente a tu mam\u00e1 en \u00e9poca de coronavirus"},"content":{"rendered":"\n<p>Aprendi\u00f3 por las malas que no debe tocarse la\u00a0<strong>cara<\/strong>\u00a0en esta \u00e9poca de\u00a0<strong>coronavirus<\/strong>, pues su mam\u00e1 la rega\u00f1o en pleno video\u00a0<strong>video viral\u00a0<\/strong>de<strong>\u00a0Tik Tok.<\/strong><\/p>\n\n\n\n<p>En esta \u00e9poca donde el&nbsp;<strong>coronavirus<\/strong>&nbsp;a\u00fan es una enfermedad que representa peligro para la poblaci\u00f3n las autoridades han pedido a los ciudadanos que eviten&nbsp;<strong>tocarse la cara<\/strong>, algo que para muchos ha resultado casi imposible, pues inconscientemente est\u00e1n acostumbrados a realizar esta acci\u00f3n, tal como la menor protagonista de este&nbsp;<strong>video viral<\/strong>, quien se llev\u00f3 un gran rega\u00f1o por parte de su madre.<\/p>\n\n\n\n<p>La menor acompa\u00f1\u00f3 a su&nbsp;<strong>mam\u00e1<\/strong>&nbsp;al supermercado, al parecer todo marchaba bien, tanto la mam\u00e1 como su hija llevaban cubrebocas para protegerse del coronavirus, pero de manera inesperada en el video viral compartido en<strong>&nbsp;Tik Tok<\/strong>&nbsp;se puede observar como la ni\u00f1a sin darse cuenta se frota el rostro, algo que es percibido por su mam\u00e1, quien de inmediato la rega\u00f1a.<\/p>\n\n\n\n<figure class=\"wp-block-image\"><img decoding=\"async\" src=\"https:\/\/laverdadnoticias.com\/export\/sites\/laverdad\/img\/2020\/06\/15\/mama_coronavirus_vide_viral_tik_tok.png_920296518.png\" alt=\"VIDEO VIRAL: Cuando tocas tu cara frente a tu mam\u00e1 en \u00e9poca de coronavirus\" title=\"VIDEO VIRAL: Cuando tocas tu cara frente a tu mam\u00e1 en \u00e9poca de coronavirus\"\/><figcaption>VIDEO VIRAL: Cuando tocas tu cara frente a tu mam\u00e1 en \u00e9poca de coronavirus<\/figcaption><\/figure>\n\n\n\n<p>En el video viral se puede observar una mujer en el supermercado, acompa\u00f1ada de sus dos hijas, cuando una de ellas pregunta si ya llevan todo lo necesario, la mujer y la ni\u00f1a responden que s\u00ed, pero es justo en ese momento que la menor lleva sus manos al rostro y toca su cara.<\/p>\n\n\n\n<h2 class=\"wp-block-heading\">Mostraron en Tik Tok reacci\u00f3n de la mam\u00e1<\/h2>\n\n\n\n<figure class=\"wp-block-image\"><img decoding=\"async\" src=\"https:\/\/laverdadnoticias.com\/export\/sites\/laverdad\/img\/2020\/06\/15\/vide_viral_tik_tok_mama_coronavirus_.png_1777324006.png\" alt=\"VIDEO VIRAL: Cuando tocas tu cara frente a tu mam\u00e1 en \u00e9poca de coronavirus\" title=\"VIDEO VIRAL: Cuando tocas tu cara frente a tu mam\u00e1 en \u00e9poca de coronavirus\"\/><figcaption>VIDEO VIRAL: Cuando tocas tu cara frente a tu mam\u00e1 en \u00e9poca de coronavirus<\/figcaption><\/figure>\n\n\n\n<p>La&nbsp;<a href=\"https:\/\/laverdadnoticias.com\/viral\/VIRAL-Mama-lava-sus-compras-de-supermercado-en-tina-por-miedo-al-coronavirus-20200328-0146.html\" target=\"_blank\" rel=\"noreferrer noopener\">mam\u00e1<\/a>&nbsp;al percatarse de esto enseguida mira a su hija horrorizada, se dirige a ella y la sujeta de sus manos alejandolas de su rostro mientras la rega\u00f1a. En el video viral de Tik Tok se escucha a la mam\u00e1 decir:<\/p>\n\n\n\n<blockquote class=\"wp-block-quote is-layout-flow wp-block-quote-is-layout-flow\"><p>\u201cD\u00e9jate la cara hija de tu put@ madre\u201d.<\/p><\/blockquote>\n\n\n\n<p>Todo esto mientras la menor solo observa a su mam\u00e1 y junto con su hermana se r\u00eden por la reacci\u00f3n que la mujer acaba de tener.<\/p>\n\n\n\n<figure class=\"wp-block-embed-twitter wp-block-embed is-type-rich is-provider-twitter\"><div class=\"wp-block-embed__wrapper\">\n<a class=\"twitter-timeline\" data-width=\"640\" data-height=\"960\" data-dnt=\"true\" href=\"https:\/\/twitter.com\/ErgoProxy95?ref_src=twsrc%5Etfw\">Tweets by ErgoProxy95<\/a><script async src=\"https:\/\/platform.twitter.com\/widgets.js\" charset=\"utf-8\"><\/script>\n<\/div><\/figure>\n","protected":false},"excerpt":{"rendered":"<p>Aprendi\u00f3 por las malas que no debe tocarse la\u00a0cara\u00a0en esta \u00e9poca de\u00a0coronavirus, pues su mam\u00e1 la rega\u00f1o en pleno video\u00a0video viral\u00a0de\u00a0Tik Tok. En esta \u00e9poca donde el&nbsp;coronavirus&nbsp;a\u00fan es una enfermedad que representa peligro para la poblaci\u00f3n las autoridades han pedido a los ciudadanos que eviten&nbsp;tocarse la cara, algo que para muchos ha resultado casi imposible, [&hellip;]<\/p>\n","protected":false},"author":1,"featured_media":391,"comment_status":"open","ping_status":"open","sticky":false,"template":"","format":"standard","meta":{"footnotes":""},"categories":[12],"tags":[],"class_list":["post-390","post","type-post","status-publish","format-standard","has-post-thumbnail","hentry","category-sin-categoria"],"_links":{"self":[{"href":"https:\/\/podernacional.com\/index.php?rest_route=\/wp\/v2\/posts\/390","targetHints":{"allow":["GET"]}}],"collection":[{"href":"https:\/\/podernacional.com\/index.php?rest_route=\/wp\/v2\/posts"}],"about":[{"href":"https:\/\/podernacional.com\/index.php?rest_route=\/wp\/v2\/types\/post"}],"author":[{"embeddable":true,"href":"https:\/\/podernacional.com\/index.php?rest_route=\/wp\/v2\/users\/1"}],"replies":[{"embeddable":true,"href":"https:\/\/podernacional.com\/index.php?rest_route=%2Fwp%2Fv2%2Fcomments&post=390"}],"version-history":[{"count":0,"href":"https:\/\/podernacional.com\/index.php?rest_route=\/wp\/v2\/posts\/390\/revisions"}],"wp:featuredmedia":[{"embeddable":true,"href":"https:\/\/podernacional.com\/index.php?rest_route=\/wp\/v2\/media\/391"}],"wp:attachment":[{"href":"https:\/\/podernacional.com\/index.php?rest_route=%2Fwp%2Fv2%2Fmedia&parent=390"}],"wp:term":[{"taxonomy":"category","embeddable":true,"href":"https:\/\/podernacional.com\/index.php?rest_route=%2Fwp%2Fv2%2Fcategories&post=390"},{"taxonomy":"post_tag","embeddable":true,"href":"https:\/\/podernacional.com\/index.php?rest_route=%2Fwp%2Fv2%2Ftags&post=390"}],"curies":[{"name":"wp","href":"https:\/\/api.w.org\/{rel}","templated":true}]}}